{"id":94306,"date":"2025-10-14T07:23:51","date_gmt":"2025-10-14T13:23:51","guid":{"rendered":"https:\/\/elinformante.mx\/?p=94306"},"modified":"2025-10-14T07:23:55","modified_gmt":"2025-10-14T13:23:55","slug":"david-monreal-se-solidariza-con-estados-afectados-por-lluvias","status":"publish","type":"post","link":"https:\/\/elinformante.mx\/?p=94306","title":{"rendered":"David Monreal se solidariza con estados afectados por lluvias"},"content":{"rendered":"\n<figure class=\"wp-block-pullquote\"><blockquote><p>-Env\u00eda abrazo fraterno a ciudadanos afectados de Veracruz, Hidalgo, Puebla, Quer\u00e9taro y San Luis Potos\u00ed; anuncia instalaci\u00f3n de dos centros de acopio para auxiliar a los damnificados.<\/p><\/blockquote><\/figure>\n\n\n\n<p class=\"has-drop-cap\">Al encabezar la ceremonia de Honores a la Bandera en las instalaciones de la Decimoprimera Zona Militar, el Gobernador David Monreal \u00c1vila expres\u00f3 la m\u00e1s profunda solidaridad del pueblo y Gobierno de Zacatecas con los estados de Veracruz, Hidalgo, Puebla, Quer\u00e9taro y San Luis Potos\u00ed, que actualmente padecen las consecuencias de inundaciones por lluvias intensas.<br><\/p>\n\n\n\n<p>En presencia del Comandante de la 5\u00aa Regi\u00f3n Militar, Porfirio Fuentes V\u00e9lez, el mandatario estatal envi\u00f3 un abrazo fraterno a los ciudadanos de los estados que hoy padecen por las intensas lluvias; y expres\u00f3 sus \u201ccondolencias a las familias que, con este motivo, han perdido a alg\u00fan ser querido\u201d.<br><\/p>\n\n\n\n<p>Inform\u00f3 que, desde el pasado fin de semana, se han puesto en marcha dos centros de acopio para canalizar la ayuda; el primero de ellos encabezado por la se\u00f1ora Sara Hern\u00e1ndez, en las instalaciones del Sistema Estatal para el Desarrollo Integral de la Familia (DIF), mientras que el segundo est\u00e1 coordinado por la Secretar\u00eda General de Gobierno.<br><\/p>\n\n\n\n<p>Como parte de la respuesta institucional, en presencia de la Delegada de Programas para el Desarrollo, Adilene Rosales Romero, el Gobernador Monreal \u00c1vila inform\u00f3 que acudi\u00f3 un equipo de trabajo para colaborar en las zonas afectadas.<br><\/p>\n\n\n\n<figure class=\"wp-block-image size-large\"><img fetchpriority=\"high\" decoding=\"async\" width=\"1024\" height=\"506\" src=\"https:\/\/elinformante.mx\/wp-content\/uploads\/2025\/10\/4david-1024x506.jpg\" alt=\"\" class=\"wp-image-94308\" srcset=\"https:\/\/elinformante.mx\/wp-content\/uploads\/2025\/10\/4david-1024x506.jpg 1024w, https:\/\/elinformante.mx\/wp-content\/uploads\/2025\/10\/4david-300x148.jpg 300w, https:\/\/elinformante.mx\/wp-content\/uploads\/2025\/10\/4david-768x379.jpg 768w, https:\/\/elinformante.mx\/wp-content\/uploads\/2025\/10\/4david.jpg 1140w\" sizes=\"(max-width: 1024px) 100vw, 1024px\" \/><\/figure>\n\n\n\n<p>El Gobernador David Monreal \u00c1vila expres\u00f3 su gratitud y reconocimiento al Ej\u00e9rcito Mexicano, a la Guardia Nacional y a la Polic\u00eda Estatal, cuyo trabajo ha sido fundamental para la pacificaci\u00f3n del estado.<br><\/p>\n\n\n\n<p>Destac\u00f3 que la seguridad recuperada ha permitido que la entidad registre saldos blancos en todas y cada una de las festividades, posicion\u00e1ndose entre los primeros lugares a nivel nacional, esto ha tra\u00eddo como consecuencia un notable incremento de visitantes y la atracci\u00f3n de eventos de talla mundial.<br><\/p>\n\n\n\n<p>Mencion\u00f3 que el Festival Internacional de Teatro de Calle ha contado con plazas llenas y anunci\u00f3 que el pr\u00f3ximo fin de semana se celebrar\u00e1n tres importantes eventos, dos de ellos internacionales: la competencia de deporte extremo Ultram\u00e1n, la Carrera Panamericana que regresa despu\u00e9s de m\u00e1s de una d\u00e9cada, y la visita de congresistas del gobierno americano.<br><\/p>\n\n\n\n<p>Reconoci\u00f3 a los j\u00f3venes del Bachillerato Policial y del Bachillerato Militarizado, en quienes, dijo, estamos depositando mucha confianza, su formaci\u00f3n en disciplina, lealtad y orden garantiza el fortalecimiento de las instituciones y un buen futuro para el estado.<\/p>\n","protected":false},"excerpt":{"rendered":"<p>-Env\u00eda abrazo fraterno a ciudadanos afectados de Veracruz, Hidalgo, Puebla, Quer\u00e9taro y San Luis Potos\u00ed; anuncia instalaci\u00f3n de dos centros de acopio para auxiliar a los damnificados. Al encabezar la ceremonia de Honores a la Bandera en las instalaciones de la Decimoprimera Zona Militar, el Gobernador David Monreal \u00c1vila expres\u00f3 la m\u00e1s profunda solidaridad del [&hellip;]<\/p>\n","protected":false},"author":1,"featured_media":94307,"comment_status":"closed","ping_status":"closed","sticky":false,"template":"","format":"standard","meta":{"footnotes":""},"categories":[30,34],"tags":[],"class_list":["post-94306","post","type-post","status-publish","format-standard","has-post-thumbnail","hentry","category-destacado","category-nacional"],"_links":{"self":[{"href":"https:\/\/elinformante.mx\/index.php?rest_route=\/wp\/v2\/posts\/94306","targetHints":{"allow":["GET"]}}],"collection":[{"href":"https:\/\/elinformante.mx\/index.php?rest_route=\/wp\/v2\/posts"}],"about":[{"href":"https:\/\/elinformante.mx\/index.php?rest_route=\/wp\/v2\/types\/post"}],"author":[{"embeddable":true,"href":"https:\/\/elinformante.mx\/index.php?rest_route=\/wp\/v2\/users\/1"}],"replies":[{"embeddable":true,"href":"https:\/\/elinformante.mx\/index.php?rest_route=%2Fwp%2Fv2%2Fcomments&post=94306"}],"version-history":[{"count":0,"href":"https:\/\/elinformante.mx\/index.php?rest_route=\/wp\/v2\/posts\/94306\/revisions"}],"wp:featuredmedia":[{"embeddable":true,"href":"https:\/\/elinformante.mx\/index.php?rest_route=\/wp\/v2\/media\/94307"}],"wp:attachment":[{"href":"https:\/\/elinformante.mx\/index.php?rest_route=%2Fwp%2Fv2%2Fmedia&parent=94306"}],"wp:term":[{"taxonomy":"category","embeddable":true,"href":"https:\/\/elinformante.mx\/index.php?rest_route=%2Fwp%2Fv2%2Fcategories&post=94306"},{"taxonomy":"post_tag","embeddable":true,"href":"https:\/\/elinformante.mx\/index.php?rest_route=%2Fwp%2Fv2%2Ftags&post=94306"}],"curies":[{"name":"wp","href":"https:\/\/api.w.org\/{rel}","templated":true}]}}