{"id":94357,"date":"2025-10-15T06:34:07","date_gmt":"2025-10-15T12:34:07","guid":{"rendered":"https:\/\/elinformante.mx\/?p=94357"},"modified":"2025-10-15T06:34:18","modified_gmt":"2025-10-15T12:34:18","slug":"ricardo-moreno-primer-edil-en-certificarse-en-atencion-a-mujeres-victimas-de-violencia","status":"publish","type":"post","link":"https:\/\/elinformante.mx\/?p=94357","title":{"rendered":"Ricardo Moreno primer edil en certificarse en atenci\u00f3n a mujeres v\u00edctimas de violencia"},"content":{"rendered":"\n<figure class=\"wp-block-pullquote\"><blockquote><p>-Personal municipal se capacita en atenci\u00f3n, acompa\u00f1amiento y b\u00fasqueda de personas<\/p><\/blockquote><\/figure>\n\n\n\n<p class=\"has-drop-cap\">El Presidente Municipal Ricardo Moreno Bastida, se convierte en el primer edil del pa\u00eds en certificarse en Est\u00e1ndar de Competencia EC0539 Atenci\u00f3n presencial de primer contacto a mujeres v\u00edctimas de violencia de g\u00e9nero.<br><\/p>\n\n\n\n<p>Esta certificaci\u00f3n refrenda el compromiso firme de su administraci\u00f3n para garantizar una respuesta efectiva, humana y con perspectiva de g\u00e9nero ante esta problem\u00e1tica social. Adem\u00e1s, refleja el trabajo sensible del alcalde por generar confianza entre las mujeres hacia las instituciones que deben ser su primer punto de apoyo en situaciones de violencia.<br><\/p>\n\n\n\n<p>La directora general del Instituto Municipal de la Mujer, Celfa V\u00e1zquez, detall\u00f3 que desde el lunes 6 de octubre, en cumplimiento de los Proyectos Operativos para la ejecuci\u00f3n de los recursos asignados para atender las Declaratorias de Alerta de Violencia de G\u00e9nero por Feminicidio y Desaparici\u00f3n, correspondientes al Ejercicio Fiscal 2025, el Gobierno municipal imparti\u00f3 talleres y certificaciones a diversas dependencias municipales.<br><\/p>\n\n\n\n<figure class=\"wp-block-image size-large\"><img fetchpriority=\"high\" decoding=\"async\" width=\"1024\" height=\"506\" src=\"https:\/\/elinformante.mx\/wp-content\/uploads\/2025\/10\/11toluca-2-2-1024x506.jpeg\" alt=\"\" class=\"wp-image-94359\" srcset=\"https:\/\/elinformante.mx\/wp-content\/uploads\/2025\/10\/11toluca-2-2-1024x506.jpeg 1024w, https:\/\/elinformante.mx\/wp-content\/uploads\/2025\/10\/11toluca-2-2-300x148.jpeg 300w, https:\/\/elinformante.mx\/wp-content\/uploads\/2025\/10\/11toluca-2-2-768x379.jpeg 768w, https:\/\/elinformante.mx\/wp-content\/uploads\/2025\/10\/11toluca-2-2.jpeg 1140w\" sizes=\"(max-width: 1024px) 100vw, 1024px\" \/><\/figure>\n\n\n\n<p>Entre ellas, al personal adscrito a Presidencia Municipal, a la Direcci\u00f3n General de Seguridad y Protecci\u00f3n a trav\u00e9s de su Polic\u00eda de G\u00e9nero, C\u00e9lula de B\u00fasqueda y Direcci\u00f3n de Prevenci\u00f3n Comunitaria, as\u00ed como el Instituto Municipal de la Mujer, Defensor\u00eda Municipal de Derechos Humanos y Contralor\u00eda.<br><\/p>\n\n\n\n<p>El programa de capacitaci\u00f3n y profesionalizaci\u00f3n incluye los est\u00e1ndares de competencia: ECO0539 que certifica la atenci\u00f3n presencial de primer contacto a mujeres v\u00edctimas de violencia de g\u00e9nero, el EC1172 certifica el acompa\u00f1amiento inicial a v\u00edctimas de cualquier tipo de violencia, y el EC1542 se enfoca en la b\u00fasqueda de personas desaparecidas o no localizadas.<br><\/p>\n\n\n\n<p>Adem\u00e1s de los Cursos-Taller: Desaparici\u00f3n de mujeres, ni\u00f1as y adolescentes, Atenci\u00f3n Integral en Contextos de Violencia de G\u00e9nero y el taller Prevenci\u00f3n y atenci\u00f3n del hostigamiento y acoso sexual.<br><\/p>\n\n\n\n<p>Estas acciones forman parte de una estrategia integral para fortalecer la prevenci\u00f3n, atenci\u00f3n y erradicaci\u00f3n de la violencia contra las mujeres en Toluca, lo que garantiza la correcta ejecuci\u00f3n de los recursos p\u00fablicos destinados a esta causa prioritaria.<\/p>\n","protected":false},"excerpt":{"rendered":"<p>-Personal municipal se capacita en atenci\u00f3n, acompa\u00f1amiento y b\u00fasqueda de personas El Presidente Municipal Ricardo Moreno Bastida, se convierte en el primer edil del pa\u00eds en certificarse en Est\u00e1ndar de Competencia EC0539 Atenci\u00f3n presencial de primer contacto a mujeres v\u00edctimas de violencia de g\u00e9nero. Esta certificaci\u00f3n refrenda el compromiso firme de su administraci\u00f3n para garantizar [&hellip;]<\/p>\n","protected":false},"author":1,"featured_media":94358,"comment_status":"closed","ping_status":"closed","sticky":false,"template":"","format":"standard","meta":{"footnotes":""},"categories":[30,36],"tags":[],"class_list":["post-94357","post","type-post","status-publish","format-standard","has-post-thumbnail","hentry","category-destacado","category-edomex"],"_links":{"self":[{"href":"https:\/\/elinformante.mx\/index.php?rest_route=\/wp\/v2\/posts\/94357","targetHints":{"allow":["GET"]}}],"collection":[{"href":"https:\/\/elinformante.mx\/index.php?rest_route=\/wp\/v2\/posts"}],"about":[{"href":"https:\/\/elinformante.mx\/index.php?rest_route=\/wp\/v2\/types\/post"}],"author":[{"embeddable":true,"href":"https:\/\/elinformante.mx\/index.php?rest_route=\/wp\/v2\/users\/1"}],"replies":[{"embeddable":true,"href":"https:\/\/elinformante.mx\/index.php?rest_route=%2Fwp%2Fv2%2Fcomments&post=94357"}],"version-history":[{"count":0,"href":"https:\/\/elinformante.mx\/index.php?rest_route=\/wp\/v2\/posts\/94357\/revisions"}],"wp:featuredmedia":[{"embeddable":true,"href":"https:\/\/elinformante.mx\/index.php?rest_route=\/wp\/v2\/media\/94358"}],"wp:attachment":[{"href":"https:\/\/elinformante.mx\/index.php?rest_route=%2Fwp%2Fv2%2Fmedia&parent=94357"}],"wp:term":[{"taxonomy":"category","embeddable":true,"href":"https:\/\/elinformante.mx\/index.php?rest_route=%2Fwp%2Fv2%2Fcategories&post=94357"},{"taxonomy":"post_tag","embeddable":true,"href":"https:\/\/elinformante.mx\/index.php?rest_route=%2Fwp%2Fv2%2Ftags&post=94357"}],"curies":[{"name":"wp","href":"https:\/\/api.w.org\/{rel}","templated":true}]}}