{"id":94369,"date":"2025-10-15T07:02:03","date_gmt":"2025-10-15T13:02:03","guid":{"rendered":"https:\/\/elinformante.mx\/?p=94369"},"modified":"2025-10-15T07:02:08","modified_gmt":"2025-10-15T13:02:08","slug":"las-obras-publicas-no-se-detienen-en-lerma-ramirez-ponce","status":"publish","type":"post","link":"https:\/\/elinformante.mx\/?p=94369","title":{"rendered":"Las obras p\u00fablicas no se detienen en Lerma: Ram\u00edrez Ponce"},"content":{"rendered":"\n<figure class=\"wp-block-pullquote\"><blockquote><p>-Afirm\u00f3 que en Lerma se trabaja en equipo para lograr grandes resultados<\/p><\/blockquote><\/figure>\n\n\n\n<p class=\"has-drop-cap\">Las obras p\u00fablicas no se detienen en Lerma, as\u00ed lo se\u00f1al\u00f3 el presidente municipal de Lerma, Miguel \u00c1ngel Ram\u00edrez Ponce, quien se\u00f1al\u00f3 que en todo el municipio se est\u00e1n llevando obras ben\u00e9ficas para la poblaci\u00f3n.<br><\/p>\n\n\n\n<p>As\u00ed lo mencion\u00f3 durante la apertura del Centro Regional de Atenci\u00f3n de Becas para el Bienestar, que se ubicar\u00e1 en la Biblioteca Municipal de la Colonia Infonavit, donde se\u00f1al\u00f3 que esta obra simboliza el trabajo en unidad entre el Ayuntamiento de Lerma y el Gobierno de M\u00e9xico<br><\/p>\n\n\n\n<figure class=\"wp-block-image size-large\"><img fetchpriority=\"high\" decoding=\"async\" width=\"1024\" height=\"506\" src=\"https:\/\/elinformante.mx\/wp-content\/uploads\/2025\/10\/8lerma-4-1024x506.jpg\" alt=\"\" class=\"wp-image-94371\" srcset=\"https:\/\/elinformante.mx\/wp-content\/uploads\/2025\/10\/8lerma-4-1024x506.jpg 1024w, https:\/\/elinformante.mx\/wp-content\/uploads\/2025\/10\/8lerma-4-300x148.jpg 300w, https:\/\/elinformante.mx\/wp-content\/uploads\/2025\/10\/8lerma-4-768x379.jpg 768w, https:\/\/elinformante.mx\/wp-content\/uploads\/2025\/10\/8lerma-4.jpg 1140w\" sizes=\"(max-width: 1024px) 100vw, 1024px\" \/><\/figure>\n\n\n\n<p>Ram\u00edrez Ponce afirm\u00f3 que en Lerma se trabaja en equipo para lograr grandes resultados, con la apertura del nuevo Centro Regional de Atenci\u00f3n de Becas para el Bienestar, la poblaci\u00f3n lermense podr\u00e1 tener m\u00e1s accesibilidad en los tr\u00e1mites y servicios gubernamentales.<br><\/p>\n\n\n\n<p>Poco despu\u00e9s Ram\u00edrez Ponce junto con la Mtra. Nelly Campos Quiroz, Titular de la Oficina del Instituto Nacional de Migraci\u00f3n del Edom\u00e9x encabezaron la Reuni\u00f3n de Trabajo con municipios de la Regi\u00f3n 13.<br><\/p>\n\n\n\n<figure class=\"wp-block-image size-large\"><img decoding=\"async\" width=\"1024\" height=\"506\" src=\"https:\/\/elinformante.mx\/wp-content\/uploads\/2025\/10\/8lerma-1-1024x506.jpg\" alt=\"\" class=\"wp-image-94372\" srcset=\"https:\/\/elinformante.mx\/wp-content\/uploads\/2025\/10\/8lerma-1-1024x506.jpg 1024w, https:\/\/elinformante.mx\/wp-content\/uploads\/2025\/10\/8lerma-1-300x148.jpg 300w, https:\/\/elinformante.mx\/wp-content\/uploads\/2025\/10\/8lerma-1-768x379.jpg 768w, https:\/\/elinformante.mx\/wp-content\/uploads\/2025\/10\/8lerma-1.jpg 1140w\" sizes=\"(max-width: 1024px) 100vw, 1024px\" \/><\/figure>\n\n\n\n<p>Durante la reuni\u00f3n se dieron a conocer los protocolos a disposici\u00f3n de personas en situaci\u00f3n de estancia irregular, los cuales fortalece nuestro Estado de Derecho, adem\u00e1s de brindar certeza jur\u00eddica a la ciudadan\u00eda<br><\/p>\n\n\n\n<p>Ram\u00edrez Ponce adem\u00e1s se reuni\u00f3 con el talentoso equipo de j\u00f3venes de la UAM Lerma, quienes mencion\u00f3 son estudiantes apasionados por la Rob\u00f3tica, y con quienes pudo platicar sobre su enorme participaci\u00f3n en la competencia RHA celebrada en Bogot\u00e1, Colombia, en donde los j\u00f3venes obtuvieron el 1er lugar en la categor\u00eda Minisumo RC Profesional.<br><\/p>\n\n\n\n<figure class=\"wp-block-image size-large\"><img decoding=\"async\" width=\"1024\" height=\"506\" src=\"https:\/\/elinformante.mx\/wp-content\/uploads\/2025\/10\/8lerma-2-1-1024x506.jpg\" alt=\"\" class=\"wp-image-94373\" srcset=\"https:\/\/elinformante.mx\/wp-content\/uploads\/2025\/10\/8lerma-2-1-1024x506.jpg 1024w, https:\/\/elinformante.mx\/wp-content\/uploads\/2025\/10\/8lerma-2-1-300x148.jpg 300w, https:\/\/elinformante.mx\/wp-content\/uploads\/2025\/10\/8lerma-2-1-768x379.jpg 768w, https:\/\/elinformante.mx\/wp-content\/uploads\/2025\/10\/8lerma-2-1.jpg 1140w\" sizes=\"(max-width: 1024px) 100vw, 1024px\" \/><\/figure>\n\n\n\n<p>Durante la conversaci\u00f3n, los estudiantes mencionaron que con este triunfo lograron obtener el pase directo al concurso All Japan Robot-Sumo Tournament que se celebrar\u00e1 en Tokio, Jap\u00f3n, mismo que es considerado el campeonato de rob\u00f3tica m\u00e1s importante del mundo.<br><\/p>\n\n\n\n<p>Durante la pl\u00e1tica, Ram\u00edrez Ponce se comprometi\u00f3 a seguir impulsando a los j\u00f3venes estudiantes en Lerma, se\u00f1alando que invertir en la educaci\u00f3n, es invertir en el crecimiento del municipio.<\/p>\n","protected":false},"excerpt":{"rendered":"<p>-Afirm\u00f3 que en Lerma se trabaja en equipo para lograr grandes resultados Las obras p\u00fablicas no se detienen en Lerma, as\u00ed lo se\u00f1al\u00f3 el presidente municipal de Lerma, Miguel \u00c1ngel Ram\u00edrez Ponce, quien se\u00f1al\u00f3 que en todo el municipio se est\u00e1n llevando obras ben\u00e9ficas para la poblaci\u00f3n. As\u00ed lo mencion\u00f3 durante la apertura del Centro [&hellip;]<\/p>\n","protected":false},"author":1,"featured_media":94370,"comment_status":"closed","ping_status":"closed","sticky":false,"template":"","format":"standard","meta":{"footnotes":""},"categories":[30,36,31],"tags":[46],"class_list":["post-94369","post","type-post","status-publish","format-standard","has-post-thumbnail","hentry","category-destacado","category-edomex","category-portada","tag-portadaedomex"],"_links":{"self":[{"href":"https:\/\/elinformante.mx\/index.php?rest_route=\/wp\/v2\/posts\/94369","targetHints":{"allow":["GET"]}}],"collection":[{"href":"https:\/\/elinformante.mx\/index.php?rest_route=\/wp\/v2\/posts"}],"about":[{"href":"https:\/\/elinformante.mx\/index.php?rest_route=\/wp\/v2\/types\/post"}],"author":[{"embeddable":true,"href":"https:\/\/elinformante.mx\/index.php?rest_route=\/wp\/v2\/users\/1"}],"replies":[{"embeddable":true,"href":"https:\/\/elinformante.mx\/index.php?rest_route=%2Fwp%2Fv2%2Fcomments&post=94369"}],"version-history":[{"count":0,"href":"https:\/\/elinformante.mx\/index.php?rest_route=\/wp\/v2\/posts\/94369\/revisions"}],"wp:featuredmedia":[{"embeddable":true,"href":"https:\/\/elinformante.mx\/index.php?rest_route=\/wp\/v2\/media\/94370"}],"wp:attachment":[{"href":"https:\/\/elinformante.mx\/index.php?rest_route=%2Fwp%2Fv2%2Fmedia&parent=94369"}],"wp:term":[{"taxonomy":"category","embeddable":true,"href":"https:\/\/elinformante.mx\/index.php?rest_route=%2Fwp%2Fv2%2Fcategories&post=94369"},{"taxonomy":"post_tag","embeddable":true,"href":"https:\/\/elinformante.mx\/index.php?rest_route=%2Fwp%2Fv2%2Ftags&post=94369"}],"curies":[{"name":"wp","href":"https:\/\/api.w.org\/{rel}","templated":true}]}}