{"id":94395,"date":"2025-10-15T07:42:17","date_gmt":"2025-10-15T13:42:17","guid":{"rendered":"https:\/\/elinformante.mx\/?p=94395"},"modified":"2025-10-15T07:42:25","modified_gmt":"2025-10-15T13:42:25","slug":"confian-que-buen-fin-2025-impulse-consumo-y-produccion-nacional","status":"publish","type":"post","link":"https:\/\/elinformante.mx\/?p=94395","title":{"rendered":"CONF\u00cdAN QUE BUEN FIN 2025 IMPULSE CONSUMO Y PRODUCCI\u00d3N NACIONAL"},"content":{"rendered":"\n<figure class=\"wp-block-pullquote\"><blockquote><p>El gobierno federal busca fortalecer el mercado interno y proteger a sectores productivos, como el textil, calzado, juguetes y electrodom\u00e9sticos.<\/p><\/blockquote><\/figure>\n\n\n\n<p class=\"has-drop-cap\">El subsecretario de Industria y Comercio de la Secretar\u00eda de Econom\u00eda, Vidal Llerenas Morales, subray\u00f3 que el consumo ha sido uno de los principales motores del crecimiento econ\u00f3mico en los \u00faltimos a\u00f1os, impulsado por el incremento del salario m\u00ednimo, los programas sociales y la estabilidad del empleo.<br><\/p>\n\n\n\n<p>Y es que en este momento de tensiones comerciales internacionales y con un menor dinamismo en el comercio global, \u201cEl Buen Fin 2025\u201d se perfila como un motor para reactivar el consumo interno e impulsar los productos hechos en M\u00e9xico, afirm\u00f3 Llerenas Morales.<br><\/p>\n\n\n\n<figure class=\"wp-block-image size-large\"><img fetchpriority=\"high\" decoding=\"async\" width=\"1024\" height=\"506\" src=\"https:\/\/elinformante.mx\/wp-content\/uploads\/2025\/10\/9confian-2-1024x506.jpg\" alt=\"\" class=\"wp-image-94397\" srcset=\"https:\/\/elinformante.mx\/wp-content\/uploads\/2025\/10\/9confian-2-1024x506.jpg 1024w, https:\/\/elinformante.mx\/wp-content\/uploads\/2025\/10\/9confian-2-300x148.jpg 300w, https:\/\/elinformante.mx\/wp-content\/uploads\/2025\/10\/9confian-2-768x379.jpg 768w, https:\/\/elinformante.mx\/wp-content\/uploads\/2025\/10\/9confian-2.jpg 1140w\" sizes=\"(max-width: 1024px) 100vw, 1024px\" \/><\/figure>\n\n\n\n<p>Llerenas Morales se\u00f1al\u00f3 que M\u00e9xico vive en un contexto global diferente, ya que nos guste o no, tendremos que comerciar menos en el mundo, ya que vivimos una guerra arancelaria. Por ello el mercado interno es una oportunidad por ese tama\u00f1o de 120 millones de personas, manifest\u00f3 durante el anunci\u00f3 de la participaci\u00f3n de El Puerto de Liverpool en \u201cEl Buen Fin\u201d.<br><\/p>\n\n\n\n<p>Subray\u00f3 que el consumo ha sido uno de los principales motores del crecimiento econ\u00f3mico en los \u00faltimos a\u00f1os, impulsado por el incremento del salario m\u00ednimo, los programas sociales y la estabilidad del empleo.<br><\/p>\n\n\n\n<p>Adem\u00e1s afirm\u00f3 que las campa\u00f1as comerciales como El Buen Fin forman parte de la estrategia de la Secretar\u00eda de Econom\u00eda y del Gobierno de la presidenta Claudia Sheinbaum para impulsar la econom\u00eda nacional especialmente, hacia esta \u00faltima parte del a\u00f1o y, al mismo tiempo, representa la oportunidad de trabajar m\u00e1s de cerca con las empresas para aumentar la producci\u00f3n y comercializaci\u00f3n de productos con mayor contenido nacional.<br><\/p>\n\n\n\n<figure class=\"wp-block-image size-large\"><img decoding=\"async\" width=\"1024\" height=\"506\" src=\"https:\/\/elinformante.mx\/wp-content\/uploads\/2025\/10\/9confian-3-1024x506.jpg\" alt=\"\" class=\"wp-image-94398\" srcset=\"https:\/\/elinformante.mx\/wp-content\/uploads\/2025\/10\/9confian-3-1024x506.jpg 1024w, https:\/\/elinformante.mx\/wp-content\/uploads\/2025\/10\/9confian-3-300x148.jpg 300w, https:\/\/elinformante.mx\/wp-content\/uploads\/2025\/10\/9confian-3-768x379.jpg 768w, https:\/\/elinformante.mx\/wp-content\/uploads\/2025\/10\/9confian-3.jpg 1140w\" sizes=\"(max-width: 1024px) 100vw, 1024px\" \/><\/figure>\n\n\n\n<p>El subsecretario enfatiz\u00f3 que la estrategia de crecimiento no debe depender \u00fanicamente de las importaciones, por ello se necesita fortalecer el consumo y la producci\u00f3n nacional. Por ello el gobierno federal busca fortalecer el mercado interno y proteger a sectores productivos, como el textil, calzado, juguetes y electrodom\u00e9sticos.<br><\/p>\n\n\n\n<p>\u201cSon productos que podemos hacer en el pa\u00eds, que los hacemos, que somos competitivos y que los podemos hacer m\u00e1s para exportar, pero tambi\u00e9n para el mercado nacional, que es uno de los m\u00e1s grandes del mundo\u201d, coment\u00f3.<br><\/p>\n\n\n\n<p>Y reafirm\u00f3 que no se trata de cerrar el pa\u00eds a las importaciones, sino de tener una estrategia para fabricar en M\u00e9xico ciertos productos finales porque no vamos a poder vender a otras partes del mundo.<br><\/p>\n\n\n\n<figure class=\"wp-block-image size-large\"><img decoding=\"async\" width=\"1024\" height=\"506\" src=\"https:\/\/elinformante.mx\/wp-content\/uploads\/2025\/10\/9confian-4-1024x506.jpg\" alt=\"\" class=\"wp-image-94399\" srcset=\"https:\/\/elinformante.mx\/wp-content\/uploads\/2025\/10\/9confian-4-1024x506.jpg 1024w, https:\/\/elinformante.mx\/wp-content\/uploads\/2025\/10\/9confian-4-300x148.jpg 300w, https:\/\/elinformante.mx\/wp-content\/uploads\/2025\/10\/9confian-4-768x379.jpg 768w, https:\/\/elinformante.mx\/wp-content\/uploads\/2025\/10\/9confian-4.jpg 1140w\" sizes=\"(max-width: 1024px) 100vw, 1024px\" \/><\/figure>\n\n\n\n<p>Carlos Mar\u00edn, director general de El Puerto de Liverpool, asegur\u00f3 que la empresa mantendr\u00e1 su compromiso con lo \u201cHecho en M\u00e9xico\u201d e impulsar\u00e1 el consumo en el pa\u00eds, a trav\u00e9s de campa\u00f1as comerciales como El Buen Fin.<br><\/p>\n\n\n\n<p>Agreg\u00f3 que trabajar con proveedores nacionales, as\u00ed como con peque\u00f1as y medianas empresas locales genera un efecto positivo en el pa\u00eds.<br><\/p>\n\n\n\n<p>Actualmente, m\u00e1s del 40% de los pedidos digitales de Liverpool se entregan en menos de 48 horas y el 95% de las ventas en l\u00ednea se surten desde sus tiendas f\u00edsicas.<br><\/p>\n\n\n\n<figure class=\"wp-block-image size-large\"><img loading=\"lazy\" decoding=\"async\" width=\"1024\" height=\"506\" src=\"https:\/\/elinformante.mx\/wp-content\/uploads\/2025\/10\/9confian-1024x506.jpg\" alt=\"\" class=\"wp-image-94400\" srcset=\"https:\/\/elinformante.mx\/wp-content\/uploads\/2025\/10\/9confian-1024x506.jpg 1024w, https:\/\/elinformante.mx\/wp-content\/uploads\/2025\/10\/9confian-300x148.jpg 300w, https:\/\/elinformante.mx\/wp-content\/uploads\/2025\/10\/9confian-768x379.jpg 768w, https:\/\/elinformante.mx\/wp-content\/uploads\/2025\/10\/9confian.jpg 1140w\" sizes=\"(max-width: 1024px) 100vw, 1024px\" \/><\/figure>\n\n\n\n<p>El director general de la cadena departamental record\u00f3 que Liverpool fue una de las primeras empresas mexicanas en obtener el sello \u201cHecho en M\u00e9xico\u201d y actualmente trabaja con una red de \u201ccientos de proveedores nacionales y peque\u00f1as y medianas empresas locales\u201d.<br><\/p>\n\n\n\n<p>Durante el evento, tambi\u00e9n se llev\u00f3 a cabo la firma de un convenio de colaboraci\u00f3n entre la cadena de tiendas departamentales y la Procuradur\u00eda Federal del Consumidor (Profeco).<br><\/p>\n\n\n\n<p>En la edici\u00f3n 2025, el evento comercial de El Buen Fin se extender\u00e1 un d\u00eda m\u00e1s. Se realizar\u00e1 del 13 al 17 de noviembre, pr\u00f3ximos.<\/p>\n","protected":false},"excerpt":{"rendered":"<p>El gobierno federal busca fortalecer el mercado interno y proteger a sectores productivos, como el textil, calzado, juguetes y electrodom\u00e9sticos. El subsecretario de Industria y Comercio de la Secretar\u00eda de Econom\u00eda, Vidal Llerenas Morales, subray\u00f3 que el consumo ha sido uno de los principales motores del crecimiento econ\u00f3mico en los \u00faltimos a\u00f1os, impulsado por el [&hellip;]<\/p>\n","protected":false},"author":1,"featured_media":94396,"comment_status":"closed","ping_status":"closed","sticky":false,"template":"","format":"standard","meta":{"footnotes":""},"categories":[30,34,31],"tags":[47],"class_list":["post-94395","post","type-post","status-publish","format-standard","has-post-thumbnail","hentry","category-destacado","category-nacional","category-portada","tag-portadanacional"],"_links":{"self":[{"href":"https:\/\/elinformante.mx\/index.php?rest_route=\/wp\/v2\/posts\/94395","targetHints":{"allow":["GET"]}}],"collection":[{"href":"https:\/\/elinformante.mx\/index.php?rest_route=\/wp\/v2\/posts"}],"about":[{"href":"https:\/\/elinformante.mx\/index.php?rest_route=\/wp\/v2\/types\/post"}],"author":[{"embeddable":true,"href":"https:\/\/elinformante.mx\/index.php?rest_route=\/wp\/v2\/users\/1"}],"replies":[{"embeddable":true,"href":"https:\/\/elinformante.mx\/index.php?rest_route=%2Fwp%2Fv2%2Fcomments&post=94395"}],"version-history":[{"count":0,"href":"https:\/\/elinformante.mx\/index.php?rest_route=\/wp\/v2\/posts\/94395\/revisions"}],"wp:featuredmedia":[{"embeddable":true,"href":"https:\/\/elinformante.mx\/index.php?rest_route=\/wp\/v2\/media\/94396"}],"wp:attachment":[{"href":"https:\/\/elinformante.mx\/index.php?rest_route=%2Fwp%2Fv2%2Fmedia&parent=94395"}],"wp:term":[{"taxonomy":"category","embeddable":true,"href":"https:\/\/elinformante.mx\/index.php?rest_route=%2Fwp%2Fv2%2Fcategories&post=94395"},{"taxonomy":"post_tag","embeddable":true,"href":"https:\/\/elinformante.mx\/index.php?rest_route=%2Fwp%2Fv2%2Ftags&post=94395"}],"curies":[{"name":"wp","href":"https:\/\/api.w.org\/{rel}","templated":true}]}}