{"id":94731,"date":"2025-10-22T06:05:08","date_gmt":"2025-10-22T12:05:08","guid":{"rendered":"https:\/\/elinformante.mx\/?p=94731"},"modified":"2025-10-22T06:05:12","modified_gmt":"2025-10-22T12:05:12","slug":"lerma-celebra-la-cultura-con-el-festival-lermense-hasta-los-huesos","status":"publish","type":"post","link":"https:\/\/elinformante.mx\/?p=94731","title":{"rendered":"Lerma celebra la cultura con el festival \u201cLermense hasta los Huesos\u201d"},"content":{"rendered":"\n<figure class=\"wp-block-pullquote\"><blockquote><p>-Contar\u00e1 con m\u00e1s de 60 actividades del 24 al 31 de octubre, incluyendo el recorrido Camino al Mictl\u00e1n<\/p><\/blockquote><\/figure>\n\n\n\n<p class=\"has-drop-cap\">El presidente municipal de Lerma, Miguel \u00c1ngel Ram\u00edrez Ponce, anunci\u00f3 el Festival \u201cLermense hasta los Huesos\u201d que se realizar\u00e1 del viernes 24 de octubre al 31 de octubre, en una semana dedicada a las tradiciones del D\u00eda de Muertos.<br><\/p>\n\n\n\n<p>El evento contar\u00e1 con m\u00e1s de 60 actividades gratuitas que incluye m\u00fasica, danza, talleres, teatro y el tradicional recorrido \u201cCamino al Mictl\u00e1n\u201d en el primer cuadro.<br><\/p>\n\n\n\n<p>La presentaci\u00f3n encabezada por el presidente municipal, Miguel \u00c1ngel Ram\u00edrez Ponce, y la presidenta del DIF municipal, Marisol Ram\u00edrez Ponce, dieron a conocer el programa de este festival que ya se ha convertido en una tradici\u00f3n de m\u00e1s de una d\u00e9cada en este municipio.<br><\/p>\n\n\n\n<p>La mayor\u00eda de las actividades se realizar\u00e1n en la cabecera municipal, sin embargo tambi\u00e9n habr\u00e1 programaci\u00f3n en las ocho regiones del municipio.<br><\/p>\n\n\n\n<figure class=\"wp-block-image size-large\"><img fetchpriority=\"high\" decoding=\"async\" width=\"1024\" height=\"506\" src=\"https:\/\/elinformante.mx\/wp-content\/uploads\/2025\/10\/12lerma-5-1024x506.jpg\" alt=\"\" class=\"wp-image-94733\" srcset=\"https:\/\/elinformante.mx\/wp-content\/uploads\/2025\/10\/12lerma-5-1024x506.jpg 1024w, https:\/\/elinformante.mx\/wp-content\/uploads\/2025\/10\/12lerma-5-300x148.jpg 300w, https:\/\/elinformante.mx\/wp-content\/uploads\/2025\/10\/12lerma-5-768x379.jpg 768w, https:\/\/elinformante.mx\/wp-content\/uploads\/2025\/10\/12lerma-5.jpg 1140w\" sizes=\"(max-width: 1024px) 100vw, 1024px\" \/><\/figure>\n\n\n\n<p>Se dar\u00e1n cita varios grupos musicales reconocidos como Acapulco Tropical, Super Grupo G, Linaje de Reyes, Sonido La Changa, Sonoramico y varios DJs.<br><\/p>\n\n\n\n<p>Adem\u00e1s habr\u00e1 recorridos como el \u201cCamino al Mictl\u00e1n\u201d, donde se espera que entre 4,000 y 5,000 personas participen disfrazadas de catrinas y catrines. El festival est\u00e1 pensado para toda la familia, con la participaci\u00f3n de adultos mayores y estudiantes de todos los niveles educativos.<br><\/p>\n\n\n\n<p>La presidenta del DIF Municipal, Marisol Mote Mart\u00ednez, asegur\u00f3 que el programa fue realizado pensando 100 por ciento en las familias de Lerma.<br><\/p>\n\n\n\n<p>Coment\u00f3 que en el recorrido \u201cCamino al Mictl\u00e1n\u201d van a participar grupos de adultos mayores, quienes se sumar\u00e1n a esta actividad que representa para ellos m\u00e1s a\u00f1os de vida, aunado a ni\u00f1os de jard\u00edn de ni\u00f1os, escuelas primarias y secundarias.<\/p>\n","protected":false},"excerpt":{"rendered":"<p>-Contar\u00e1 con m\u00e1s de 60 actividades del 24 al 31 de octubre, incluyendo el recorrido Camino al Mictl\u00e1n El presidente municipal de Lerma, Miguel \u00c1ngel Ram\u00edrez Ponce, anunci\u00f3 el Festival \u201cLermense hasta los Huesos\u201d que se realizar\u00e1 del viernes 24 de octubre al 31 de octubre, en una semana dedicada a las tradiciones del D\u00eda [&hellip;]<\/p>\n","protected":false},"author":1,"featured_media":94732,"comment_status":"closed","ping_status":"closed","sticky":false,"template":"","format":"standard","meta":{"footnotes":""},"categories":[36],"tags":[],"class_list":["post-94731","post","type-post","status-publish","format-standard","has-post-thumbnail","hentry","category-edomex"],"_links":{"self":[{"href":"https:\/\/elinformante.mx\/index.php?rest_route=\/wp\/v2\/posts\/94731","targetHints":{"allow":["GET"]}}],"collection":[{"href":"https:\/\/elinformante.mx\/index.php?rest_route=\/wp\/v2\/posts"}],"about":[{"href":"https:\/\/elinformante.mx\/index.php?rest_route=\/wp\/v2\/types\/post"}],"author":[{"embeddable":true,"href":"https:\/\/elinformante.mx\/index.php?rest_route=\/wp\/v2\/users\/1"}],"replies":[{"embeddable":true,"href":"https:\/\/elinformante.mx\/index.php?rest_route=%2Fwp%2Fv2%2Fcomments&post=94731"}],"version-history":[{"count":0,"href":"https:\/\/elinformante.mx\/index.php?rest_route=\/wp\/v2\/posts\/94731\/revisions"}],"wp:featuredmedia":[{"embeddable":true,"href":"https:\/\/elinformante.mx\/index.php?rest_route=\/wp\/v2\/media\/94732"}],"wp:attachment":[{"href":"https:\/\/elinformante.mx\/index.php?rest_route=%2Fwp%2Fv2%2Fmedia&parent=94731"}],"wp:term":[{"taxonomy":"category","embeddable":true,"href":"https:\/\/elinformante.mx\/index.php?rest_route=%2Fwp%2Fv2%2Fcategories&post=94731"},{"taxonomy":"post_tag","embeddable":true,"href":"https:\/\/elinformante.mx\/index.php?rest_route=%2Fwp%2Fv2%2Ftags&post=94731"}],"curies":[{"name":"wp","href":"https:\/\/api.w.org\/{rel}","templated":true}]}}