{"id":94737,"date":"2025-10-22T06:12:09","date_gmt":"2025-10-22T12:12:09","guid":{"rendered":"https:\/\/elinformante.mx\/?p=94737"},"modified":"2025-10-22T06:12:14","modified_gmt":"2025-10-22T12:12:14","slug":"firma-fernando-flores-convenio-con-grupo-thor-urbana-y-cinemex","status":"publish","type":"post","link":"https:\/\/elinformante.mx\/?p=94737","title":{"rendered":"Firma Fernando Flores convenio con Grupo Thor Urbana y Cinemex"},"content":{"rendered":"\n<figure class=\"wp-block-pullquote\"><blockquote><p>Flores Fern\u00e1ndez recalc\u00f3 que se busca fortalecer la inclusi\u00f3n laboral de personas con discapacidad, adem\u00e1s de generar m\u00e1s oportunidades y condiciones equitativas en Metepec.<\/p><\/blockquote><\/figure>\n\n\n\n<p class=\"has-drop-cap\">En el municipio de Metepec, el presidente municipal, Fernando Flores Fern\u00e1ndez reafirm\u00f3 su compromiso con el impulso al empleo y al desarrollo econ\u00f3mico del municipio.<br><\/p>\n\n\n\n<p>Con este compromiso se llev\u00f3 a cabo la firma del convenio entre Grupo Thor Urbana y Cinemex y el ayuntamiento de Metepec.<br><\/p>\n\n\n\n<figure class=\"wp-block-image size-large\"><img fetchpriority=\"high\" decoding=\"async\" width=\"1024\" height=\"506\" src=\"https:\/\/elinformante.mx\/wp-content\/uploads\/2025\/10\/11metepec-11-1024x506.jpg\" alt=\"\" class=\"wp-image-94739\" srcset=\"https:\/\/elinformante.mx\/wp-content\/uploads\/2025\/10\/11metepec-11-1024x506.jpg 1024w, https:\/\/elinformante.mx\/wp-content\/uploads\/2025\/10\/11metepec-11-300x148.jpg 300w, https:\/\/elinformante.mx\/wp-content\/uploads\/2025\/10\/11metepec-11-768x379.jpg 768w, https:\/\/elinformante.mx\/wp-content\/uploads\/2025\/10\/11metepec-11.jpg 1140w\" sizes=\"(max-width: 1024px) 100vw, 1024px\" \/><\/figure>\n\n\n\n<p>Se\u00f1al\u00f3 que este convenio tiene como prop\u00f3sito promover la incorporaci\u00f3n de ciudadanas y ciudadanos interesados en la oferta laboral de los establecimientos ubicados en Town Square Metepec y Cinemex, mediante asesor\u00eda y orientaci\u00f3n ocupacional.<br><\/p>\n\n\n\n<p>Flores Fern\u00e1ndez recalc\u00f3 que se busca fortalecer la inclusi\u00f3n laboral de personas con discapacidad, adem\u00e1s de generar m\u00e1s oportunidades y condiciones equitativas en Metepec.<br><\/p>\n\n\n\n<p>Se\u00f1al\u00f3 que de igual manera, se llevar\u00e1 a cabo el impulso de las promociones tur\u00edsticas y artesanal de Metepec, trabajando para proyectar el talento y la identidad que distinguen a nuestra tierra de barro.<\/p>\n","protected":false},"excerpt":{"rendered":"<p>Flores Fern\u00e1ndez recalc\u00f3 que se busca fortalecer la inclusi\u00f3n laboral de personas con discapacidad, adem\u00e1s de generar m\u00e1s oportunidades y condiciones equitativas en Metepec. En el municipio de Metepec, el presidente municipal, Fernando Flores Fern\u00e1ndez reafirm\u00f3 su compromiso con el impulso al empleo y al desarrollo econ\u00f3mico del municipio. Con este compromiso se llev\u00f3 a [&hellip;]<\/p>\n","protected":false},"author":1,"featured_media":94738,"comment_status":"closed","ping_status":"closed","sticky":false,"template":"","format":"standard","meta":{"footnotes":""},"categories":[36],"tags":[],"class_list":["post-94737","post","type-post","status-publish","format-standard","has-post-thumbnail","hentry","category-edomex"],"_links":{"self":[{"href":"https:\/\/elinformante.mx\/index.php?rest_route=\/wp\/v2\/posts\/94737","targetHints":{"allow":["GET"]}}],"collection":[{"href":"https:\/\/elinformante.mx\/index.php?rest_route=\/wp\/v2\/posts"}],"about":[{"href":"https:\/\/elinformante.mx\/index.php?rest_route=\/wp\/v2\/types\/post"}],"author":[{"embeddable":true,"href":"https:\/\/elinformante.mx\/index.php?rest_route=\/wp\/v2\/users\/1"}],"replies":[{"embeddable":true,"href":"https:\/\/elinformante.mx\/index.php?rest_route=%2Fwp%2Fv2%2Fcomments&post=94737"}],"version-history":[{"count":0,"href":"https:\/\/elinformante.mx\/index.php?rest_route=\/wp\/v2\/posts\/94737\/revisions"}],"wp:featuredmedia":[{"embeddable":true,"href":"https:\/\/elinformante.mx\/index.php?rest_route=\/wp\/v2\/media\/94738"}],"wp:attachment":[{"href":"https:\/\/elinformante.mx\/index.php?rest_route=%2Fwp%2Fv2%2Fmedia&parent=94737"}],"wp:term":[{"taxonomy":"category","embeddable":true,"href":"https:\/\/elinformante.mx\/index.php?rest_route=%2Fwp%2Fv2%2Fcategories&post=94737"},{"taxonomy":"post_tag","embeddable":true,"href":"https:\/\/elinformante.mx\/index.php?rest_route=%2Fwp%2Fv2%2Ftags&post=94737"}],"curies":[{"name":"wp","href":"https:\/\/api.w.org\/{rel}","templated":true}]}}