{"id":95182,"date":"2025-10-30T05:35:28","date_gmt":"2025-10-30T11:35:28","guid":{"rendered":"https:\/\/elinformante.mx\/?p=95182"},"modified":"2025-10-30T05:35:33","modified_gmt":"2025-10-30T11:35:33","slug":"mexicaltzingo-y-gem-trabajan-para-controlar-poblacion-de-animales-en-situacion-de-calle-saray-benitez","status":"publish","type":"post","link":"https:\/\/elinformante.mx\/?p=95182","title":{"rendered":"Mexicaltzingo y GEM trabajan para controlar poblaci\u00f3n de animales en situaci\u00f3n de calle: Saray Ben\u00edtez"},"content":{"rendered":"\n<figure class=\"wp-block-pullquote\"><blockquote><p>Durante la reuni\u00f3n Ben\u00edtez Espinosa se\u00f1al\u00f3 que en Mexicaltzingo todos est\u00e1n listos para sumarse a esta importante estrategia que es impulsada por la Gobernadora Delfina \u00c1lvarez.<\/p><\/blockquote><\/figure>\n\n\n\n<p class=\"has-drop-cap\">Saray Ben\u00edtez Espinosa, presidenta municipal de Mexicaltzingo, se reuni\u00f3 con la titular de la Cepanaf, la Dra. Alma Diana Tapia Maya, con quien platic\u00f3 de la Estrategia CERA, que se encuentra enfocada en el control de la poblaci\u00f3n de animales de compa\u00f1\u00eda en situaci\u00f3n de calle.<br><\/p>\n\n\n\n<p>Durante la reuni\u00f3n Ben\u00edtez Espinosa se\u00f1al\u00f3 que en Mexicaltzingo todos est\u00e1n listos para sumarse a esta importante estrategia que es impulsada por la Gobernadora Delfina \u00c1lvarez en el Edom\u00e9x.<br><\/p>\n\n\n\n<p>\u201cEstamos seguros de que Mexicaltzingo se convertir\u00e1 en un referente de resultados positivos en esta noble causa.\u201d<br><\/p>\n\n\n\n<figure class=\"wp-block-image size-large\"><img fetchpriority=\"high\" decoding=\"async\" width=\"1024\" height=\"506\" src=\"https:\/\/elinformante.mx\/wp-content\/uploads\/2025\/10\/14mexi-2-1024x506.jpg\" alt=\"\" class=\"wp-image-95186\" srcset=\"https:\/\/elinformante.mx\/wp-content\/uploads\/2025\/10\/14mexi-2-1024x506.jpg 1024w, https:\/\/elinformante.mx\/wp-content\/uploads\/2025\/10\/14mexi-2-300x148.jpg 300w, https:\/\/elinformante.mx\/wp-content\/uploads\/2025\/10\/14mexi-2-768x379.jpg 768w, https:\/\/elinformante.mx\/wp-content\/uploads\/2025\/10\/14mexi-2.jpg 1140w\" sizes=\"(max-width: 1024px) 100vw, 1024px\" \/><\/figure>\n\n\n\n<p>Reiter\u00f3 que en Mexicaltzingo, todos tienen una enorme disposici\u00f3n, voluntad y compromiso para sumar esfuerzos y lograr que este programa sea un verdadero \u00e9xito.<br><\/p>\n\n\n\n<p>Poco despu\u00e9s Ben\u00edtez Espinosa se reuni\u00f3 con adultos mayores de la Casa de D\u00eda del Adulto Mayor, a quienes acompa\u00f1\u00f3 a aquellos que se encontraban celebrando sus cumplea\u00f1os.<br><\/p>\n\n\n\n<p>\u201cCada sonrisa, cada historia y cada abrazo nos recuerdan la importancia de reconocer y valorar a quienes han construido con su esfuerzo y sabidur\u00eda nuestra comunidad\u201d, se\u00f1al\u00f3 ante los adultos mayores.<br><\/p>\n\n\n\n<p>Y reafirm\u00f3 que su gobierno continuar\u00e1 trabajando incansablemente para brindarles espacios llenos de cari\u00f1o, convivencia y bienestar.<\/p>\n","protected":false},"excerpt":{"rendered":"<p>Durante la reuni\u00f3n Ben\u00edtez Espinosa se\u00f1al\u00f3 que en Mexicaltzingo todos est\u00e1n listos para sumarse a esta importante estrategia que es impulsada por la Gobernadora Delfina \u00c1lvarez. Saray Ben\u00edtez Espinosa, presidenta municipal de Mexicaltzingo, se reuni\u00f3 con la titular de la Cepanaf, la Dra. Alma Diana Tapia Maya, con quien platic\u00f3 de la Estrategia CERA, que [&hellip;]<\/p>\n","protected":false},"author":1,"featured_media":95185,"comment_status":"closed","ping_status":"closed","sticky":false,"template":"","format":"standard","meta":{"footnotes":""},"categories":[36],"tags":[],"class_list":["post-95182","post","type-post","status-publish","format-standard","has-post-thumbnail","hentry","category-edomex"],"_links":{"self":[{"href":"https:\/\/elinformante.mx\/index.php?rest_route=\/wp\/v2\/posts\/95182","targetHints":{"allow":["GET"]}}],"collection":[{"href":"https:\/\/elinformante.mx\/index.php?rest_route=\/wp\/v2\/posts"}],"about":[{"href":"https:\/\/elinformante.mx\/index.php?rest_route=\/wp\/v2\/types\/post"}],"author":[{"embeddable":true,"href":"https:\/\/elinformante.mx\/index.php?rest_route=\/wp\/v2\/users\/1"}],"replies":[{"embeddable":true,"href":"https:\/\/elinformante.mx\/index.php?rest_route=%2Fwp%2Fv2%2Fcomments&post=95182"}],"version-history":[{"count":0,"href":"https:\/\/elinformante.mx\/index.php?rest_route=\/wp\/v2\/posts\/95182\/revisions"}],"wp:featuredmedia":[{"embeddable":true,"href":"https:\/\/elinformante.mx\/index.php?rest_route=\/wp\/v2\/media\/95185"}],"wp:attachment":[{"href":"https:\/\/elinformante.mx\/index.php?rest_route=%2Fwp%2Fv2%2Fmedia&parent=95182"}],"wp:term":[{"taxonomy":"category","embeddable":true,"href":"https:\/\/elinformante.mx\/index.php?rest_route=%2Fwp%2Fv2%2Fcategories&post=95182"},{"taxonomy":"post_tag","embeddable":true,"href":"https:\/\/elinformante.mx\/index.php?rest_route=%2Fwp%2Fv2%2Ftags&post=95182"}],"curies":[{"name":"wp","href":"https:\/\/api.w.org\/{rel}","templated":true}]}}