{"id":95189,"date":"2025-10-30T05:42:26","date_gmt":"2025-10-30T11:42:26","guid":{"rendered":"https:\/\/elinformante.mx\/?p=95189"},"modified":"2025-10-30T05:42:33","modified_gmt":"2025-10-30T11:42:33","slug":"autoridades-auxiliares-fortalecen-las-tareas-comunitarias-ramirez-ponce","status":"publish","type":"post","link":"https:\/\/elinformante.mx\/?p=95189","title":{"rendered":"Autoridades auxiliares fortalecen las tareas comunitarias: Ram\u00edrez Ponce"},"content":{"rendered":"\n<figure class=\"wp-block-pullquote\"><blockquote><p>Inici\u00f3 una serie de reuniones con autoridades auxiliares de comunidades del municipio.<\/p><\/blockquote><\/figure>\n\n\n\n<p class=\"has-drop-cap\">El presidente municipal de Lerma, Miguel \u00c1ngel Ram\u00edrez Ponce, inici\u00f3 una serie de reuniones con autoridades auxiliares de comunidades del municipio para dar seguimiento a los trabajos y tareas comunitarias.<br><\/p>\n\n\n\n<p>Comenz\u00f3 con la reuni\u00f3n en San Mart\u00edn Las Rajas en la Regi\u00f3n Huitzizilapan, donde destac\u00f3 que gracias a la buena coordinaci\u00f3n con sus autoridades auxiliares, las tareas comunitarias se fortalecen<br><\/p>\n\n\n\n<figure class=\"wp-block-image size-large\"><img fetchpriority=\"high\" decoding=\"async\" width=\"1024\" height=\"506\" src=\"https:\/\/elinformante.mx\/wp-content\/uploads\/2025\/10\/13lerma-2-1-1024x506.jpg\" alt=\"\" class=\"wp-image-95193\" srcset=\"https:\/\/elinformante.mx\/wp-content\/uploads\/2025\/10\/13lerma-2-1-1024x506.jpg 1024w, https:\/\/elinformante.mx\/wp-content\/uploads\/2025\/10\/13lerma-2-1-300x148.jpg 300w, https:\/\/elinformante.mx\/wp-content\/uploads\/2025\/10\/13lerma-2-1-768x379.jpg 768w, https:\/\/elinformante.mx\/wp-content\/uploads\/2025\/10\/13lerma-2-1.jpg 1140w\" sizes=\"(max-width: 1024px) 100vw, 1024px\" \/><\/figure>\n\n\n\n<p>En la comunidad de Santa Catarina pudo llevar a cabo el an\u00e1lisis y seguimiento de la puesta en marcha de varias acciones en materia de infraestructura hidr\u00e1ulica, que lograr\u00e1n una enorme mejora en la comunidad.<br><\/p>\n\n\n\n<p>Ram\u00edrez Ponce finaliz\u00f3 las reuniones con las autoridades auxiliares de Santiago Analco, con quienes realiz\u00f3 un recorrido por la comunidad y en donde pudo apreciar de primera mano el an\u00e1lisis de las \u00e1reas estrat\u00e9gicas para robustecer la infraestructura de esta bonita comunidad.<\/p>\n","protected":false},"excerpt":{"rendered":"<p>Inici\u00f3 una serie de reuniones con autoridades auxiliares de comunidades del municipio. El presidente municipal de Lerma, Miguel \u00c1ngel Ram\u00edrez Ponce, inici\u00f3 una serie de reuniones con autoridades auxiliares de comunidades del municipio para dar seguimiento a los trabajos y tareas comunitarias. Comenz\u00f3 con la reuni\u00f3n en San Mart\u00edn Las Rajas en la Regi\u00f3n Huitzizilapan, [&hellip;]<\/p>\n","protected":false},"author":1,"featured_media":95194,"comment_status":"closed","ping_status":"closed","sticky":false,"template":"","format":"standard","meta":{"footnotes":""},"categories":[36],"tags":[],"class_list":["post-95189","post","type-post","status-publish","format-standard","has-post-thumbnail","hentry","category-edomex"],"_links":{"self":[{"href":"https:\/\/elinformante.mx\/index.php?rest_route=\/wp\/v2\/posts\/95189","targetHints":{"allow":["GET"]}}],"collection":[{"href":"https:\/\/elinformante.mx\/index.php?rest_route=\/wp\/v2\/posts"}],"about":[{"href":"https:\/\/elinformante.mx\/index.php?rest_route=\/wp\/v2\/types\/post"}],"author":[{"embeddable":true,"href":"https:\/\/elinformante.mx\/index.php?rest_route=\/wp\/v2\/users\/1"}],"replies":[{"embeddable":true,"href":"https:\/\/elinformante.mx\/index.php?rest_route=%2Fwp%2Fv2%2Fcomments&post=95189"}],"version-history":[{"count":0,"href":"https:\/\/elinformante.mx\/index.php?rest_route=\/wp\/v2\/posts\/95189\/revisions"}],"wp:featuredmedia":[{"embeddable":true,"href":"https:\/\/elinformante.mx\/index.php?rest_route=\/wp\/v2\/media\/95194"}],"wp:attachment":[{"href":"https:\/\/elinformante.mx\/index.php?rest_route=%2Fwp%2Fv2%2Fmedia&parent=95189"}],"wp:term":[{"taxonomy":"category","embeddable":true,"href":"https:\/\/elinformante.mx\/index.php?rest_route=%2Fwp%2Fv2%2Fcategories&post=95189"},{"taxonomy":"post_tag","embeddable":true,"href":"https:\/\/elinformante.mx\/index.php?rest_route=%2Fwp%2Fv2%2Ftags&post=95189"}],"curies":[{"name":"wp","href":"https:\/\/api.w.org\/{rel}","templated":true}]}}