{"id":95192,"date":"2025-10-30T05:44:50","date_gmt":"2025-10-30T11:44:50","guid":{"rendered":"https:\/\/elinformante.mx\/?p=95192"},"modified":"2025-10-30T05:45:04","modified_gmt":"2025-10-30T11:45:04","slug":"inaugura-isaac-montoya-paseo-de-los-mexicas-e-inicia-obras-en-san-antonio-zomeyucan","status":"publish","type":"post","link":"https:\/\/elinformante.mx\/?p=95192","title":{"rendered":"Inaugura Isaac Montoya Paseo de los Mexicas e inicia obras en San Antonio Zomeyucan"},"content":{"rendered":"\n<figure class=\"wp-block-pullquote\"><blockquote><p>Adem\u00e1s se llevaron a cabo dos eventos en materia de obra p\u00fablica y mejoramiento urbano.<\/p><\/blockquote><\/figure>\n\n\n\n<p class=\"has-drop-cap\">En el municipio de Naucalpan, el presidente municipal, Isaac Montoya M\u00e1rquez, encabez\u00f3 la inauguraci\u00f3n de la rehabilitaci\u00f3n del Paseo de los Mexicas en Santa Cruz Acatl\u00e1n, adem\u00e1s de dar inici\u00f3 a los trabajos de obra en la calle Guanajuato ubicada en la colonia San Antonio Zomeyucan.<br><\/p>\n\n\n\n<p>Durante el evento Montoya M\u00e1rquez se\u00f1al\u00f3 que estos proyectos se ejecutaron con el objetivo de transformar espacios p\u00fablicos y mejorar la infraestructura de colonias en el municipio.<br><\/p>\n\n\n\n<p>Se\u00f1al\u00f3 que su gobierno contin\u00faa transformando sus espacios p\u00fablicos buscando el bienestar de la ciudadan\u00eda.<br><\/p>\n\n\n\n<p>Montoya M\u00e1rquez destac\u00f3 que en Naucalpan, la transformaci\u00f3n se refleja en cada espacio recuperado, as\u00ed lo inform\u00f3 al dar inici\u00f3 a los trabajos de obra en la calle Guanajuato de la colonia San Antonio Zomeyucan. El arranque de estas labores se concret\u00f3 frente a la escuela primaria Lauro Aguirre.<br><\/p>\n\n\n\n<p>Reafirm\u00f3 que el principal enfoque de estas acciones se concentra en la recuperaci\u00f3n de \u00e1reas p\u00fablicas y el mejoramiento de vialidades para el beneficio de los naucalpenses.<br><\/p>\n\n\n\n<p>El Gobierno Municipal de Naucalpan llev\u00f3 a cabo dos eventos en materia de obra p\u00fablica y mejoramiento urbano. Destacando que con estas actividades sigue dejando huellas de las transformaciones.<\/p>\n","protected":false},"excerpt":{"rendered":"<p>Adem\u00e1s se llevaron a cabo dos eventos en materia de obra p\u00fablica y mejoramiento urbano. En el municipio de Naucalpan, el presidente municipal, Isaac Montoya M\u00e1rquez, encabez\u00f3 la inauguraci\u00f3n de la rehabilitaci\u00f3n del Paseo de los Mexicas en Santa Cruz Acatl\u00e1n, adem\u00e1s de dar inici\u00f3 a los trabajos de obra en la calle Guanajuato ubicada [&hellip;]<\/p>\n","protected":false},"author":1,"featured_media":95196,"comment_status":"closed","ping_status":"closed","sticky":false,"template":"","format":"standard","meta":{"footnotes":""},"categories":[36],"tags":[],"class_list":["post-95192","post","type-post","status-publish","format-standard","has-post-thumbnail","hentry","category-edomex"],"_links":{"self":[{"href":"https:\/\/elinformante.mx\/index.php?rest_route=\/wp\/v2\/posts\/95192","targetHints":{"allow":["GET"]}}],"collection":[{"href":"https:\/\/elinformante.mx\/index.php?rest_route=\/wp\/v2\/posts"}],"about":[{"href":"https:\/\/elinformante.mx\/index.php?rest_route=\/wp\/v2\/types\/post"}],"author":[{"embeddable":true,"href":"https:\/\/elinformante.mx\/index.php?rest_route=\/wp\/v2\/users\/1"}],"replies":[{"embeddable":true,"href":"https:\/\/elinformante.mx\/index.php?rest_route=%2Fwp%2Fv2%2Fcomments&post=95192"}],"version-history":[{"count":0,"href":"https:\/\/elinformante.mx\/index.php?rest_route=\/wp\/v2\/posts\/95192\/revisions"}],"wp:featuredmedia":[{"embeddable":true,"href":"https:\/\/elinformante.mx\/index.php?rest_route=\/wp\/v2\/media\/95196"}],"wp:attachment":[{"href":"https:\/\/elinformante.mx\/index.php?rest_route=%2Fwp%2Fv2%2Fmedia&parent=95192"}],"wp:term":[{"taxonomy":"category","embeddable":true,"href":"https:\/\/elinformante.mx\/index.php?rest_route=%2Fwp%2Fv2%2Fcategories&post=95192"},{"taxonomy":"post_tag","embeddable":true,"href":"https:\/\/elinformante.mx\/index.php?rest_route=%2Fwp%2Fv2%2Ftags&post=95192"}],"curies":[{"name":"wp","href":"https:\/\/api.w.org\/{rel}","templated":true}]}}