{"id":95197,"date":"2025-10-30T05:49:06","date_gmt":"2025-10-30T11:49:06","guid":{"rendered":"https:\/\/elinformante.mx\/?p=95197"},"modified":"2025-10-30T05:49:37","modified_gmt":"2025-10-30T11:49:37","slug":"familias-en-zinacantepec-son-apoyadas-con-programa-nutriendo-con-amor-vilchis-viveros","status":"publish","type":"post","link":"https:\/\/elinformante.mx\/?p=95197","title":{"rendered":"Familias en Zinacantepec son apoyadas con programa \u201cNutriendo con Amor\u201d: Vilchis Viveros"},"content":{"rendered":"\n<figure class=\"wp-block-pullquote\"><blockquote><p>Vilchis Viveros agradeci\u00f3 el c\u00e1lido recibimiento de la comunidad y de sus delegados.<\/p><\/blockquote><\/figure>\n\n\n\n<p class=\"has-drop-cap\">El presidente municipal de Zinacantepec, Manuel Vilchis Viveros, encabez\u00f3 la m\u00e1s reciente jornada de entrega en la cabecera municipal, donde reiter\u00f3 que el programa busca generar cercan\u00eda y apoyo real a los hogares que m\u00e1s lo necesitan.<br><\/p>\n\n\n\n<p>Subray\u00f3 ante vecinos de que cada paquete representa una acci\u00f3n de respaldo directo a las familias y forma parte de una pol\u00edtica local enfocada en la salud y la nutrici\u00f3n.<br><\/p>\n\n\n\n<p>Subray\u00f3 ante vecinos de los fraccionamientos Loma I, Loma II y El Porvenir, Emiliano Zapata, La Deportiva, Bosques de ICA y La Joya y San Luis Mextepec que cada paquete del programa \u201cNutriendo con Amor\u201d, representa una acci\u00f3n de respaldo directo a las familias y forma parte de una pol\u00edtica local enfocada en la salud y la nutrici\u00f3n.<br><\/p>\n\n\n\n<figure class=\"wp-block-image size-large\"><img fetchpriority=\"high\" decoding=\"async\" width=\"1024\" height=\"506\" src=\"https:\/\/elinformante.mx\/wp-content\/uploads\/2025\/10\/13zinacantepec-1-1024x506.jpg\" alt=\"\" class=\"wp-image-95199\" srcset=\"https:\/\/elinformante.mx\/wp-content\/uploads\/2025\/10\/13zinacantepec-1-1024x506.jpg 1024w, https:\/\/elinformante.mx\/wp-content\/uploads\/2025\/10\/13zinacantepec-1-300x148.jpg 300w, https:\/\/elinformante.mx\/wp-content\/uploads\/2025\/10\/13zinacantepec-1-768x379.jpg 768w, https:\/\/elinformante.mx\/wp-content\/uploads\/2025\/10\/13zinacantepec-1.jpg 1140w\" sizes=\"(max-width: 1024px) 100vw, 1024px\" \/><\/figure>\n\n\n\n<p>En la jornada tambi\u00e9n particip\u00f3 la presidenta honoraria del DIF Municipal, Jessica R\u00edos Lara qui\u00e9n se\u00f1al\u00f3 que estas acciones fortalecen la unidad comunitaria y llevan un mensaje de apoyo a los hogares del municipio.<br><\/p>\n\n\n\n<p>Vilchis Viveros agradeci\u00f3 el c\u00e1lido recibimiento de la comunidad y de sus delegados. Y se\u00f1al\u00f3 que seguir\u00e1n llevando bienestar y apoyo alimentario a m\u00e1s familias de Zinacantepec, porque juntos construimos un municipio m\u00e1s fuerte y solidario<br><\/p>\n\n\n\n<p>Afirm\u00f3 que cada entrega representa un paso m\u00e1s en fortalecer el bienestar de las familias zinacantepequenses.<br><\/p>\n\n\n\n<p>Y se comprometi\u00f3 a seguir trabajando unidos por un Zinacantepec con m\u00e1s bienestar.<\/p>\n","protected":false},"excerpt":{"rendered":"<p>Vilchis Viveros agradeci\u00f3 el c\u00e1lido recibimiento de la comunidad y de sus delegados. El presidente municipal de Zinacantepec, Manuel Vilchis Viveros, encabez\u00f3 la m\u00e1s reciente jornada de entrega en la cabecera municipal, donde reiter\u00f3 que el programa busca generar cercan\u00eda y apoyo real a los hogares que m\u00e1s lo necesitan. Subray\u00f3 ante vecinos de que [&hellip;]<\/p>\n","protected":false},"author":1,"featured_media":95198,"comment_status":"closed","ping_status":"closed","sticky":false,"template":"","format":"standard","meta":{"footnotes":""},"categories":[30,36],"tags":[],"class_list":["post-95197","post","type-post","status-publish","format-standard","has-post-thumbnail","hentry","category-destacado","category-edomex"],"_links":{"self":[{"href":"https:\/\/elinformante.mx\/index.php?rest_route=\/wp\/v2\/posts\/95197","targetHints":{"allow":["GET"]}}],"collection":[{"href":"https:\/\/elinformante.mx\/index.php?rest_route=\/wp\/v2\/posts"}],"about":[{"href":"https:\/\/elinformante.mx\/index.php?rest_route=\/wp\/v2\/types\/post"}],"author":[{"embeddable":true,"href":"https:\/\/elinformante.mx\/index.php?rest_route=\/wp\/v2\/users\/1"}],"replies":[{"embeddable":true,"href":"https:\/\/elinformante.mx\/index.php?rest_route=%2Fwp%2Fv2%2Fcomments&post=95197"}],"version-history":[{"count":0,"href":"https:\/\/elinformante.mx\/index.php?rest_route=\/wp\/v2\/posts\/95197\/revisions"}],"wp:featuredmedia":[{"embeddable":true,"href":"https:\/\/elinformante.mx\/index.php?rest_route=\/wp\/v2\/media\/95198"}],"wp:attachment":[{"href":"https:\/\/elinformante.mx\/index.php?rest_route=%2Fwp%2Fv2%2Fmedia&parent=95197"}],"wp:term":[{"taxonomy":"category","embeddable":true,"href":"https:\/\/elinformante.mx\/index.php?rest_route=%2Fwp%2Fv2%2Fcategories&post=95197"},{"taxonomy":"post_tag","embeddable":true,"href":"https:\/\/elinformante.mx\/index.php?rest_route=%2Fwp%2Fv2%2Ftags&post=95197"}],"curies":[{"name":"wp","href":"https:\/\/api.w.org\/{rel}","templated":true}]}}