{"id":95202,"date":"2025-10-30T06:15:26","date_gmt":"2025-10-30T12:15:26","guid":{"rendered":"https:\/\/elinformante.mx\/?p=95202"},"modified":"2025-10-30T06:15:51","modified_gmt":"2025-10-30T12:15:51","slug":"dia-de-muertos-no-solo-es-una-festividad-expresa-nuestra-cultura-e-identidad-delfina-gomez","status":"publish","type":"post","link":"https:\/\/elinformante.mx\/?p=95202","title":{"rendered":"D\u00eda de Muertos no solo es una festividad; expresa nuestra cultura e identidad: Delfina G\u00f3mez"},"content":{"rendered":"\n<figure class=\"wp-block-pullquote\"><blockquote><p>-Recordar a nuestros seres queridos en las ofrendas los mantiene vivos en nuestros corazones.<\/p><\/blockquote><\/figure>\n\n\n\n<p class=\"has-drop-cap\">La Gobernadora Delfina G\u00f3mez \u00c1lvarez reconoci\u00f3 y rindi\u00f3 un homenaje a las tradiciones y diversidad del Estado de M\u00e9xico, esto despu\u00e9s de inaugurar la Ofrenda Monumental de D\u00eda de Muertos en el patio central de Palacio de Gobierno, la Casa del Pueblo.<br><\/p>\n\n\n\n<p>La gobernadora invit\u00f3 a todo el pueblo mexiquense y a quienes viven en otros estados de la Rep\u00fablica a ser parte de esta expresi\u00f3n cultural.<br><\/p>\n\n\n\n<figure class=\"wp-block-image size-large\"><img fetchpriority=\"high\" decoding=\"async\" width=\"1024\" height=\"506\" src=\"https:\/\/elinformante.mx\/wp-content\/uploads\/2025\/10\/8delfina-2-14-1024x506.jpg\" alt=\"\" class=\"wp-image-95212\" srcset=\"https:\/\/elinformante.mx\/wp-content\/uploads\/2025\/10\/8delfina-2-14-1024x506.jpg 1024w, https:\/\/elinformante.mx\/wp-content\/uploads\/2025\/10\/8delfina-2-14-300x148.jpg 300w, https:\/\/elinformante.mx\/wp-content\/uploads\/2025\/10\/8delfina-2-14-768x379.jpg 768w, https:\/\/elinformante.mx\/wp-content\/uploads\/2025\/10\/8delfina-2-14.jpg 1140w\" sizes=\"(max-width: 1024px) 100vw, 1024px\" \/><\/figure>\n\n\n\n<p>Mencion\u00f3 que esta ofrenda celebra la vida, la memoria y las ra\u00edces que nos unen como pueblo: cinco canoas, con s\u00edmbolos de las etnias del Estado de M\u00e9xico; un kiosco central, que representa la unidad de los 125 municipios mexiquenses; as\u00ed como un lago simb\u00f3lico y arcos florales, elementos que narran el viaje del alma en su retorno desde el Mictl\u00e1n al mundo de los vivos.<br><\/p>\n\n\n\n<p>Record\u00f3 que esta ofrenda Monumental forma parte del Gran Circuito Cultural y Tur\u00edstico de D\u00eda de Muertos, que concentra actividades en el primer cuadro de la capital mexiquense para dar a conocer la belleza y tradiciones de los pueblos m\u00e1gicos y difundir las tradiciones y forma de vida de los pueblos originarios.<br><\/p>\n\n\n\n<p>La Ofrenda Monumental est\u00e1 abierta al p\u00fablico hasta el 04 de noviembre, de lunes a viernes de 9:00 a 19:00, y s\u00e1bado y domingo de 9:30 a 17:30.<\/p>\n","protected":false},"excerpt":{"rendered":"<p>-Recordar a nuestros seres queridos en las ofrendas los mantiene vivos en nuestros corazones. La Gobernadora Delfina G\u00f3mez \u00c1lvarez reconoci\u00f3 y rindi\u00f3 un homenaje a las tradiciones y diversidad del Estado de M\u00e9xico, esto despu\u00e9s de inaugurar la Ofrenda Monumental de D\u00eda de Muertos en el patio central de Palacio de Gobierno, la Casa del [&hellip;]<\/p>\n","protected":false},"author":1,"featured_media":95211,"comment_status":"closed","ping_status":"closed","sticky":false,"template":"","format":"standard","meta":{"footnotes":""},"categories":[30,36,31],"tags":[],"class_list":["post-95202","post","type-post","status-publish","format-standard","has-post-thumbnail","hentry","category-destacado","category-edomex","category-portada"],"_links":{"self":[{"href":"https:\/\/elinformante.mx\/index.php?rest_route=\/wp\/v2\/posts\/95202","targetHints":{"allow":["GET"]}}],"collection":[{"href":"https:\/\/elinformante.mx\/index.php?rest_route=\/wp\/v2\/posts"}],"about":[{"href":"https:\/\/elinformante.mx\/index.php?rest_route=\/wp\/v2\/types\/post"}],"author":[{"embeddable":true,"href":"https:\/\/elinformante.mx\/index.php?rest_route=\/wp\/v2\/users\/1"}],"replies":[{"embeddable":true,"href":"https:\/\/elinformante.mx\/index.php?rest_route=%2Fwp%2Fv2%2Fcomments&post=95202"}],"version-history":[{"count":0,"href":"https:\/\/elinformante.mx\/index.php?rest_route=\/wp\/v2\/posts\/95202\/revisions"}],"wp:featuredmedia":[{"embeddable":true,"href":"https:\/\/elinformante.mx\/index.php?rest_route=\/wp\/v2\/media\/95211"}],"wp:attachment":[{"href":"https:\/\/elinformante.mx\/index.php?rest_route=%2Fwp%2Fv2%2Fmedia&parent=95202"}],"wp:term":[{"taxonomy":"category","embeddable":true,"href":"https:\/\/elinformante.mx\/index.php?rest_route=%2Fwp%2Fv2%2Fcategories&post=95202"},{"taxonomy":"post_tag","embeddable":true,"href":"https:\/\/elinformante.mx\/index.php?rest_route=%2Fwp%2Fv2%2Ftags&post=95202"}],"curies":[{"name":"wp","href":"https:\/\/api.w.org\/{rel}","templated":true}]}}