{"id":95204,"date":"2025-10-30T06:05:48","date_gmt":"2025-10-30T12:05:48","guid":{"rendered":"https:\/\/elinformante.mx\/?p=95204"},"modified":"2025-10-30T06:05:57","modified_gmt":"2025-10-30T12:05:57","slug":"smsem-inaugura-el-xlvii-consejo-estatal-ordinario","status":"publish","type":"post","link":"https:\/\/elinformante.mx\/?p=95204","title":{"rendered":"SMSEM inaugura el XLVII Consejo Estatal Ordinario"},"content":{"rendered":"\n<figure class=\"wp-block-pullquote\"><blockquote><p>Destac\u00f3 que dicho Consejo representa la fuerza democr\u00e1tica y representativa del magisterio estatal.<\/p><\/blockquote><\/figure>\n\n\n\n<p class=\"has-drop-cap\">El secretario general del Sindicato de Maestros al Servicio del Estado de M\u00e9xico (SMSEM), Jenaro Mart\u00ednez Reyes se\u00f1al\u00f3 que \u201cpara el Comit\u00e9 Ejecutivo 2024-2027 es un d\u00eda muy importante, ya que est\u00e1n reunidos para celebrar el XLVII Consejo Estatal Ordinario de nuestro m\u00e1ximo \u00f3rgano de gobierno, lo hacemos no solo para reflexionar, sino tambi\u00e9n para ratificar nuestro compromiso con la educaci\u00f3n p\u00fablica y la transformaci\u00f3n social\u201d.<br><\/p>\n\n\n\n<p>Destac\u00f3 que dicho Consejo representa la fuerza democr\u00e1tica y representativa del magisterio estatal, un espacio donde los m\u00e1s de 105 mil maestras y maestros -representados por casi 5 mil delegados sindicales- participan directamente en la toma de decisiones y la consolidaci\u00f3n de la vida sindical.<br><\/p>\n\n\n\n<p>Mart\u00ednez Reyes inform\u00f3 que los resolutivos de cada una de las mesas de trabajo: Asuntos Econ\u00f3micos, Profesionales y de Cultura General, M\u00e9dico Asistenciales, Pol\u00edtico Sindicales y Generales, integrar\u00e1n el pliego petitorio a negociar en 2026 con el Gobierno del Estado de M\u00e9xico, encabezado por Delfina G\u00f3mez \u00c1lvarez.<br><\/p>\n\n\n\n<figure class=\"wp-block-image size-large\"><img fetchpriority=\"high\" decoding=\"async\" width=\"1024\" height=\"506\" src=\"https:\/\/elinformante.mx\/wp-content\/uploads\/2025\/10\/10smsem-2-1024x506.jpg\" alt=\"\" class=\"wp-image-95206\" srcset=\"https:\/\/elinformante.mx\/wp-content\/uploads\/2025\/10\/10smsem-2-1024x506.jpg 1024w, https:\/\/elinformante.mx\/wp-content\/uploads\/2025\/10\/10smsem-2-300x148.jpg 300w, https:\/\/elinformante.mx\/wp-content\/uploads\/2025\/10\/10smsem-2-768x379.jpg 768w, https:\/\/elinformante.mx\/wp-content\/uploads\/2025\/10\/10smsem-2.jpg 1140w\" sizes=\"(max-width: 1024px) 100vw, 1024px\" \/><\/figure>\n\n\n\n<p>Estuvo acompa\u00f1ado por el secretario de Educaci\u00f3n, Ciencia, Tecnolog\u00eda e Innovaci\u00f3n (SECTI) del EdoM\u00e9x, Miguel \u00c1ngel Hern\u00e1ndez Espejel, y el titular de la Secretar\u00eda del Trabajo (ST) en la entidad, Norberto Morales Poblete. En este sentido, el l\u00edder magisterial agradeci\u00f3 el acompa\u00f1amiento de titular del Poder Ejecutivo.<br><\/p>\n\n\n\n<p>Durante el evento, el SMSEM otorg\u00f3 su m\u00e1xima distinci\u00f3n gremial, la Presea \u201cProf. Agrip\u00edn Garc\u00eda Estrada\u201d, a las y los docentes Mar\u00eda Magda M\u00e9ndez Navarro, Miguel Guti\u00e9rrez \u00c1lvarez y, de manera p\u00f3stuma, al profesor Justino Ar\u00e9valo Fern\u00e1ndez, en reconocimiento a su trayectoria sindical y compromiso con la educaci\u00f3n al servicio del pueblo.<br><\/p>\n\n\n\n<p>Miguel \u00c1ngel Hern\u00e1ndez Espejel, titular de la SECTI destac\u00f3 el trabajo de la dirigencia sindical por fortalecer la unidad del magisterio mexiquense y mantener una relaci\u00f3n institucional basada en el respeto y el di\u00e1logo.<br><\/p>\n\n\n\n<p>Informaron que se llevar\u00e1n a cabo mesas de trabajo en torno a los asuntos econ\u00f3micos, profesionales y de cultura general, m\u00e9dico-asistenciales, pol\u00edtico-sindicales y asuntos generales, cuyo resultado conformar\u00e1 el Pliego Petitorio a entregar el pr\u00f3ximo a\u00f1o al GEM.<\/p>\n","protected":false},"excerpt":{"rendered":"<p>Destac\u00f3 que dicho Consejo representa la fuerza democr\u00e1tica y representativa del magisterio estatal. El secretario general del Sindicato de Maestros al Servicio del Estado de M\u00e9xico (SMSEM), Jenaro Mart\u00ednez Reyes se\u00f1al\u00f3 que \u201cpara el Comit\u00e9 Ejecutivo 2024-2027 es un d\u00eda muy importante, ya que est\u00e1n reunidos para celebrar el XLVII Consejo Estatal Ordinario de nuestro [&hellip;]<\/p>\n","protected":false},"author":1,"featured_media":95205,"comment_status":"closed","ping_status":"closed","sticky":false,"template":"","format":"standard","meta":{"footnotes":""},"categories":[36],"tags":[],"class_list":["post-95204","post","type-post","status-publish","format-standard","has-post-thumbnail","hentry","category-edomex"],"_links":{"self":[{"href":"https:\/\/elinformante.mx\/index.php?rest_route=\/wp\/v2\/posts\/95204","targetHints":{"allow":["GET"]}}],"collection":[{"href":"https:\/\/elinformante.mx\/index.php?rest_route=\/wp\/v2\/posts"}],"about":[{"href":"https:\/\/elinformante.mx\/index.php?rest_route=\/wp\/v2\/types\/post"}],"author":[{"embeddable":true,"href":"https:\/\/elinformante.mx\/index.php?rest_route=\/wp\/v2\/users\/1"}],"replies":[{"embeddable":true,"href":"https:\/\/elinformante.mx\/index.php?rest_route=%2Fwp%2Fv2%2Fcomments&post=95204"}],"version-history":[{"count":0,"href":"https:\/\/elinformante.mx\/index.php?rest_route=\/wp\/v2\/posts\/95204\/revisions"}],"wp:featuredmedia":[{"embeddable":true,"href":"https:\/\/elinformante.mx\/index.php?rest_route=\/wp\/v2\/media\/95205"}],"wp:attachment":[{"href":"https:\/\/elinformante.mx\/index.php?rest_route=%2Fwp%2Fv2%2Fmedia&parent=95204"}],"wp:term":[{"taxonomy":"category","embeddable":true,"href":"https:\/\/elinformante.mx\/index.php?rest_route=%2Fwp%2Fv2%2Fcategories&post=95204"},{"taxonomy":"post_tag","embeddable":true,"href":"https:\/\/elinformante.mx\/index.php?rest_route=%2Fwp%2Fv2%2Ftags&post=95204"}],"curies":[{"name":"wp","href":"https:\/\/api.w.org\/{rel}","templated":true}]}}