{"id":95207,"date":"2025-10-30T06:08:31","date_gmt":"2025-10-30T12:08:31","guid":{"rendered":"https:\/\/elinformante.mx\/?p=95207"},"modified":"2025-10-30T06:08:46","modified_gmt":"2025-10-30T12:08:46","slug":"pjedomex-dona-mas-de-un-millon-de-pesos-al-teleton","status":"publish","type":"post","link":"https:\/\/elinformante.mx\/?p=95207","title":{"rendered":"PJEdom\u00e9x dona m\u00e1s de un mill\u00f3n de pesos al Telet\u00f3n"},"content":{"rendered":"\n<figure class=\"wp-block-pullquote\"><blockquote><p>-La donaci\u00f3n simboliza la confianza social y una mirada a la discapacidad, indic\u00f3 Jardiel Quintal Delgado, Director de Proyectos de Fundaci\u00f3n Telet\u00f3n M\u00e9xico, A.C.<\/p><\/blockquote><\/figure>\n\n\n\n<p class=\"has-drop-cap\">\u201cAprend\u00ed de sensibilidad y empat\u00eda en nuestra instituci\u00f3n, donde como Juez y Magistrado compart\u00ed historias de vida muy significativas, a trav\u00e9s de la impartici\u00f3n de justicia\u201d expres\u00f3 el Magistrado H\u00e9ctor Macedo Garc\u00eda, Presidente del Tribunal Superior de Justicia, al entregar los donativos recaudados por el Voluntariado del Poder Judicial del Estado de M\u00e9xico, al Centro de Rehabilitaci\u00f3n e Inclusi\u00f3n Infantil Telet\u00f3n CRIT Tlalnepantla.<br><\/p>\n\n\n\n<p>Acompa\u00f1ado de Fernando D\u00edaz Ju\u00e1rez, Presidente del \u00d3rgano de Administraci\u00f3n Judicial, de las Magistradas y Magistrados integrantes: Mar\u00eda Alejandra Almaz\u00e1n Barrera, Elizabeth Rodr\u00edguez Col\u00edn, Hern\u00e1n Mej\u00eda L\u00f3pez y Pablo Espinosa M\u00e1rquez; as\u00ed como de Alvis Gorostieta Uribe, Presidenta Honoraria del Voluntariado del PJEdom\u00e9x, el Magistrado Presidente entreg\u00f3 un mill\u00f3n 269 mil 933 pesos, muestra de la voluntad y generosidad de las y los servidores judiciales.<br><\/p>\n\n\n\n<p>Macedo Garc\u00eda resalt\u00f3 que como servidor p\u00fablico es una gran satisfacci\u00f3n cumplir con el trabajo diario comprometido con las personas, sobre todo las que se encuentran en situaci\u00f3n de vulnerabilidad.<br><\/p>\n\n\n\n<figure class=\"wp-block-image size-large\"><img fetchpriority=\"high\" decoding=\"async\" width=\"1024\" height=\"506\" src=\"https:\/\/elinformante.mx\/wp-content\/uploads\/2025\/10\/10pjedomex-2-1024x506.jpg\" alt=\"\" class=\"wp-image-95209\" srcset=\"https:\/\/elinformante.mx\/wp-content\/uploads\/2025\/10\/10pjedomex-2-1024x506.jpg 1024w, https:\/\/elinformante.mx\/wp-content\/uploads\/2025\/10\/10pjedomex-2-300x148.jpg 300w, https:\/\/elinformante.mx\/wp-content\/uploads\/2025\/10\/10pjedomex-2-768x379.jpg 768w, https:\/\/elinformante.mx\/wp-content\/uploads\/2025\/10\/10pjedomex-2.jpg 1140w\" sizes=\"(max-width: 1024px) 100vw, 1024px\" \/><\/figure>\n\n\n\n<p>Agreg\u00f3 que cada peso recaudado por las y los servidores judiciales, se transforma en terapias de rehabilitaci\u00f3n, consultas, estudios, pero particularmente en esperanza, porque \u201cla justicia tambi\u00e9n se ejerce cuando se tiende la mano a quien m\u00e1s lo necesita\u201d.<br><\/p>\n\n\n\n<p>Al recorrer las instalaciones del CRIT junto a Jos\u00e9 Javier Zorrilla S\u00e1nchez, Director M\u00e9dico en CRIT Ciudad de M\u00e9xico y Gilda Varela, Directora de Operaciones del CRIT Estado de M\u00e9xico, el Magistrado Presidente, las y los integrantes del \u00d3rgano de Administraci\u00f3n Judicial y la Presidenta Honoraria del Voluntariado, conocieron las \u00e1reas de valoraci\u00f3n, diagn\u00f3stico, tratamiento, hidroterapia, entrenamiento rob\u00f3tico de la marcha, realidad virtual, Centro de estimulaci\u00f3n multisensorial, laboratorio de an\u00e1lisis de movimiento, terapia ocupacional, pulmonar, de lenguaje, entre otras.<br><\/p>\n\n\n\n<p>El Centro de Rehabilitaci\u00f3n e Inclusi\u00f3n Infantil Telet\u00f3n CRIT Tlalnepantla es uno de los 26 que existen en el pa\u00eds y atiende aproximadamente a tres mil ni\u00f1as y ni\u00f1os mexiquenses.<\/p>\n","protected":false},"excerpt":{"rendered":"<p>-La donaci\u00f3n simboliza la confianza social y una mirada a la discapacidad, indic\u00f3 Jardiel Quintal Delgado, Director de Proyectos de Fundaci\u00f3n Telet\u00f3n M\u00e9xico, A.C. \u201cAprend\u00ed de sensibilidad y empat\u00eda en nuestra instituci\u00f3n, donde como Juez y Magistrado compart\u00ed historias de vida muy significativas, a trav\u00e9s de la impartici\u00f3n de justicia\u201d expres\u00f3 el Magistrado H\u00e9ctor Macedo [&hellip;]<\/p>\n","protected":false},"author":1,"featured_media":95208,"comment_status":"closed","ping_status":"closed","sticky":false,"template":"","format":"standard","meta":{"footnotes":""},"categories":[30,36],"tags":[],"class_list":["post-95207","post","type-post","status-publish","format-standard","has-post-thumbnail","hentry","category-destacado","category-edomex"],"_links":{"self":[{"href":"https:\/\/elinformante.mx\/index.php?rest_route=\/wp\/v2\/posts\/95207","targetHints":{"allow":["GET"]}}],"collection":[{"href":"https:\/\/elinformante.mx\/index.php?rest_route=\/wp\/v2\/posts"}],"about":[{"href":"https:\/\/elinformante.mx\/index.php?rest_route=\/wp\/v2\/types\/post"}],"author":[{"embeddable":true,"href":"https:\/\/elinformante.mx\/index.php?rest_route=\/wp\/v2\/users\/1"}],"replies":[{"embeddable":true,"href":"https:\/\/elinformante.mx\/index.php?rest_route=%2Fwp%2Fv2%2Fcomments&post=95207"}],"version-history":[{"count":0,"href":"https:\/\/elinformante.mx\/index.php?rest_route=\/wp\/v2\/posts\/95207\/revisions"}],"wp:featuredmedia":[{"embeddable":true,"href":"https:\/\/elinformante.mx\/index.php?rest_route=\/wp\/v2\/media\/95208"}],"wp:attachment":[{"href":"https:\/\/elinformante.mx\/index.php?rest_route=%2Fwp%2Fv2%2Fmedia&parent=95207"}],"wp:term":[{"taxonomy":"category","embeddable":true,"href":"https:\/\/elinformante.mx\/index.php?rest_route=%2Fwp%2Fv2%2Fcategories&post=95207"},{"taxonomy":"post_tag","embeddable":true,"href":"https:\/\/elinformante.mx\/index.php?rest_route=%2Fwp%2Fv2%2Ftags&post=95207"}],"curies":[{"name":"wp","href":"https:\/\/api.w.org\/{rel}","templated":true}]}}