{"id":95210,"date":"2025-10-30T06:20:15","date_gmt":"2025-10-30T12:20:15","guid":{"rendered":"https:\/\/elinformante.mx\/?p=95210"},"modified":"2025-10-30T06:20:38","modified_gmt":"2025-10-30T12:20:38","slug":"uaemex-y-gem-firman-convenio-para-impulsar-la-seguridad-hidrica","status":"publish","type":"post","link":"https:\/\/elinformante.mx\/?p=95210","title":{"rendered":"UAEM\u00e9x y GEM firman convenio para impulsar la seguridad h\u00eddrica"},"content":{"rendered":"\n<figure class=\"wp-block-pullquote\"><blockquote><p>La firma se llev\u00f3 a cabo durante la inauguraci\u00f3n del Simposio Multidisciplinario del Agua 2025.<\/p><\/blockquote><\/figure>\n\n\n\n<p class=\"has-drop-cap\">La rectora Patricia Zarza Delgado de la Universidad Aut\u00f3noma del Estado de M\u00e9xico (UAEM\u00e9x) y la Secretar\u00eda del Agua del Estado de M\u00e9xico firmaron un convenio de colaboraci\u00f3n para impulsar la seguridad h\u00eddrica en la entidad, esto durante la inauguraci\u00f3n del Simposio Multidisciplinario del Agua 2025.<br><\/p>\n\n\n\n<figure class=\"wp-block-image size-large\"><img fetchpriority=\"high\" decoding=\"async\" width=\"1024\" height=\"506\" src=\"https:\/\/elinformante.mx\/wp-content\/uploads\/2025\/10\/8uaemex-2-2-1024x506.jpg\" alt=\"\" class=\"wp-image-95215\" srcset=\"https:\/\/elinformante.mx\/wp-content\/uploads\/2025\/10\/8uaemex-2-2-1024x506.jpg 1024w, https:\/\/elinformante.mx\/wp-content\/uploads\/2025\/10\/8uaemex-2-2-300x148.jpg 300w, https:\/\/elinformante.mx\/wp-content\/uploads\/2025\/10\/8uaemex-2-2-768x379.jpg 768w, https:\/\/elinformante.mx\/wp-content\/uploads\/2025\/10\/8uaemex-2-2.jpg 1140w\" sizes=\"(max-width: 1024px) 100vw, 1024px\" \/><\/figure>\n\n\n\n<p>El secretario del Agua de la entidad, Jos\u00e9 Arnulfo Silva Adaya, se\u00f1al\u00f3 que el Gobierno del Estado de M\u00e9xico reconoce a la Universidad como una instituci\u00f3n que conjuga el pensamiento cient\u00edfico con el compromiso social: y que adem\u00e1s avanza hacia un modelo de desarrollo sustentable y con seguridad h\u00eddrica.<br><\/p>\n\n\n\n<p>As\u00ed lo se\u00f1al\u00f3 a la rectora Zarza Delgado durante la firma de un convenio general de colaboraci\u00f3n, firma que se realiz\u00f3 en el marco de la inauguraci\u00f3n del Simposio Multidisciplinario del Agua 2025 y del Tercer Congreso Internacional en Ingenier\u00eda en Desarrollo Sustentable.<br><\/p>\n\n\n\n<figure class=\"wp-block-image size-large\"><img decoding=\"async\" width=\"1024\" height=\"506\" src=\"https:\/\/elinformante.mx\/wp-content\/uploads\/2025\/10\/8uaemex-3-2-1024x506.jpg\" alt=\"\" class=\"wp-image-95216\" srcset=\"https:\/\/elinformante.mx\/wp-content\/uploads\/2025\/10\/8uaemex-3-2-1024x506.jpg 1024w, https:\/\/elinformante.mx\/wp-content\/uploads\/2025\/10\/8uaemex-3-2-300x148.jpg 300w, https:\/\/elinformante.mx\/wp-content\/uploads\/2025\/10\/8uaemex-3-2-768x379.jpg 768w, https:\/\/elinformante.mx\/wp-content\/uploads\/2025\/10\/8uaemex-3-2.jpg 1140w\" sizes=\"(max-width: 1024px) 100vw, 1024px\" \/><\/figure>\n\n\n\n<p>Silva Adaya destac\u00f3 el papel del Instituto Interamericano de Tecnolog\u00eda y Ciencias del Agua (IITCA) como referente nacional en investigaci\u00f3n cient\u00edfica; donde adem\u00e1s subray\u00f3 que las actividades acad\u00e9micas inauguradas reunir\u00e1n a m\u00e1s de 200 asistentes; a\u00f1adi\u00f3 que ser\u00e1n los espacios en los que se presentar\u00e1n 44 trabajos de investigaci\u00f3n.<br><\/p>\n\n\n\n<p>Enfatiz\u00f3 que la UAEM\u00e9x es un aliado estrat\u00e9gico del Gobierno del Estado; especialmente en las acciones impulsadas por la Secretar\u00eda del Agua para recuperar cuerpos h\u00eddricos bajo una visi\u00f3n de restauraci\u00f3n ecol\u00f3gica y justicia ambiental.<br><\/p>\n\n\n\n<figure class=\"wp-block-image size-large\"><img decoding=\"async\" width=\"1024\" height=\"506\" src=\"https:\/\/elinformante.mx\/wp-content\/uploads\/2025\/10\/8uaemex-4-2-1024x506.jpg\" alt=\"\" class=\"wp-image-95217\" srcset=\"https:\/\/elinformante.mx\/wp-content\/uploads\/2025\/10\/8uaemex-4-2-1024x506.jpg 1024w, https:\/\/elinformante.mx\/wp-content\/uploads\/2025\/10\/8uaemex-4-2-300x148.jpg 300w, https:\/\/elinformante.mx\/wp-content\/uploads\/2025\/10\/8uaemex-4-2-768x379.jpg 768w, https:\/\/elinformante.mx\/wp-content\/uploads\/2025\/10\/8uaemex-4-2.jpg 1140w\" sizes=\"(max-width: 1024px) 100vw, 1024px\" \/><\/figure>\n\n\n\n<p>La rectora Martha Patricia Zarza Delgado destac\u00f3 que en el Simposio y el Congreso participan expertos de instituciones nacionales e internacionales de educaci\u00f3n superior. A\u00f1adi\u00f3 que este tipo de encuentros consolidan la vinculaci\u00f3n con los sectores gubernamental, productivo y social.<br><\/p>\n\n\n\n<p>Finalmente se\u00f1al\u00f3 que con este tipo de convenios se reafirma el compromiso de la UAEM\u00e9x con la ciencia, la innovaci\u00f3n y la sociedad; se\u00f1al\u00f3 que se trabaja en reforzar las alianzas para impulsar proyectos de alto impacto que buscan soluciones sustentables a los retos h\u00eddricos del territorio.<\/p>\n","protected":false},"excerpt":{"rendered":"<p>La firma se llev\u00f3 a cabo durante la inauguraci\u00f3n del Simposio Multidisciplinario del Agua 2025. La rectora Patricia Zarza Delgado de la Universidad Aut\u00f3noma del Estado de M\u00e9xico (UAEM\u00e9x) y la Secretar\u00eda del Agua del Estado de M\u00e9xico firmaron un convenio de colaboraci\u00f3n para impulsar la seguridad h\u00eddrica en la entidad, esto durante la inauguraci\u00f3n [&hellip;]<\/p>\n","protected":false},"author":1,"featured_media":95214,"comment_status":"closed","ping_status":"closed","sticky":false,"template":"","format":"standard","meta":{"footnotes":""},"categories":[30,36,31],"tags":[46],"class_list":["post-95210","post","type-post","status-publish","format-standard","has-post-thumbnail","hentry","category-destacado","category-edomex","category-portada","tag-portadaedomex"],"_links":{"self":[{"href":"https:\/\/elinformante.mx\/index.php?rest_route=\/wp\/v2\/posts\/95210","targetHints":{"allow":["GET"]}}],"collection":[{"href":"https:\/\/elinformante.mx\/index.php?rest_route=\/wp\/v2\/posts"}],"about":[{"href":"https:\/\/elinformante.mx\/index.php?rest_route=\/wp\/v2\/types\/post"}],"author":[{"embeddable":true,"href":"https:\/\/elinformante.mx\/index.php?rest_route=\/wp\/v2\/users\/1"}],"replies":[{"embeddable":true,"href":"https:\/\/elinformante.mx\/index.php?rest_route=%2Fwp%2Fv2%2Fcomments&post=95210"}],"version-history":[{"count":0,"href":"https:\/\/elinformante.mx\/index.php?rest_route=\/wp\/v2\/posts\/95210\/revisions"}],"wp:featuredmedia":[{"embeddable":true,"href":"https:\/\/elinformante.mx\/index.php?rest_route=\/wp\/v2\/media\/95214"}],"wp:attachment":[{"href":"https:\/\/elinformante.mx\/index.php?rest_route=%2Fwp%2Fv2%2Fmedia&parent=95210"}],"wp:term":[{"taxonomy":"category","embeddable":true,"href":"https:\/\/elinformante.mx\/index.php?rest_route=%2Fwp%2Fv2%2Fcategories&post=95210"},{"taxonomy":"post_tag","embeddable":true,"href":"https:\/\/elinformante.mx\/index.php?rest_route=%2Fwp%2Fv2%2Ftags&post=95210"}],"curies":[{"name":"wp","href":"https:\/\/api.w.org\/{rel}","templated":true}]}}