{"id":95218,"date":"2025-10-30T06:25:28","date_gmt":"2025-10-30T12:25:28","guid":{"rendered":"https:\/\/elinformante.mx\/?p=95218"},"modified":"2025-10-30T06:25:36","modified_gmt":"2025-10-30T12:25:36","slug":"invita-el-bosque-de-chapultepec-a-celebrar-el-dia-de-muertos-con-cuando-muera-la-tarde","status":"publish","type":"post","link":"https:\/\/elinformante.mx\/?p=95218","title":{"rendered":"Invita el Bosque de Chapultepec a celebrar el D\u00eda de Muertos con \u201cCuando muera la tarde\u201d"},"content":{"rendered":"\n<figure class=\"wp-block-pullquote\"><blockquote><p>-Las celebraciones de D\u00eda de Muertos incluyen una rodada nocturna, exhibici\u00f3n de ofrendas, venta de productos y presentaciones art\u00edsticas.<\/p><\/blockquote><\/figure>\n\n\n\n<p class=\"has-drop-cap\">La Sedema invita a toda la comunidad al Bosque de Chapultepec para disfrutar de \u201cCuando muera la tarde\u201d, una celebraci\u00f3n dedicada al D\u00eda de Muertos que tendr\u00e1 lugar en la Calzada de los Compositores, Segunda Secci\u00f3n, del 31 de octubre al 2 de noviembre.<br><\/p>\n\n\n\n<p>Durante tres d\u00edas, visitantes y familias podr\u00e1n disfrutar de actividades culturales, recorridos, m\u00fasica y una emotiva exposici\u00f3n de ofrendas dedicadas a compositores mexicanos.<br><\/p>\n\n\n\n<p>Programa de actividades<br><\/p>\n\n\n\n<p>Jueves 31 de octubre 18:00 a 22:00 horas:\u2028Rodada nocturna de disfraces.\u2028Punto de salida en Glorieta de la Lealtad con destino al Pante\u00f3n de Dolores.<br><\/p>\n\n\n\n<p>Viernes 1 de noviembre 18:00 a 22:00 horas: Exhibici\u00f3n de ofrendas, verbena popular, venta de productos, presentaciones art\u00edsticas y premiaci\u00f3n del concurso de ofrendas.<br><\/p>\n\n\n\n<p>S\u00e1bado 2 de noviembre 10:00 a 16:00 horas:\u2028Exhibici\u00f3n de ofrendas, verbena popular y venta de productos.<br><\/p>\n\n\n\n<p>\u201cCuando muera la tarde\u201d busca rendir homenaje a la m\u00fasica mexicana y mantener viva una de las tradiciones m\u00e1s queridas del pa\u00eds, en un ambiente familiar, art\u00edstico y lleno de color. Con acciones como estas, el Gobierno de la Ciudad de M\u00e9xico, encabezado por Clara Brugada Molina, y la Secretar\u00eda del Medio Ambiente, bajo la direcci\u00f3n de Julia \u00c1lvarez Icaza Ram\u00edrez, reafirman su compromiso de promover actividades para el ocio y recreaci\u00f3n de la ciudadan\u00eda en los espacios verdes urbanos.<\/p>\n","protected":false},"excerpt":{"rendered":"<p>-Las celebraciones de D\u00eda de Muertos incluyen una rodada nocturna, exhibici\u00f3n de ofrendas, venta de productos y presentaciones art\u00edsticas. La Sedema invita a toda la comunidad al Bosque de Chapultepec para disfrutar de \u201cCuando muera la tarde\u201d, una celebraci\u00f3n dedicada al D\u00eda de Muertos que tendr\u00e1 lugar en la Calzada de los Compositores, Segunda Secci\u00f3n, [&hellip;]<\/p>\n","protected":false},"author":1,"featured_media":95219,"comment_status":"closed","ping_status":"closed","sticky":false,"template":"","format":"standard","meta":{"footnotes":""},"categories":[35],"tags":[],"class_list":["post-95218","post","type-post","status-publish","format-standard","has-post-thumbnail","hentry","category-cdmx"],"_links":{"self":[{"href":"https:\/\/elinformante.mx\/index.php?rest_route=\/wp\/v2\/posts\/95218","targetHints":{"allow":["GET"]}}],"collection":[{"href":"https:\/\/elinformante.mx\/index.php?rest_route=\/wp\/v2\/posts"}],"about":[{"href":"https:\/\/elinformante.mx\/index.php?rest_route=\/wp\/v2\/types\/post"}],"author":[{"embeddable":true,"href":"https:\/\/elinformante.mx\/index.php?rest_route=\/wp\/v2\/users\/1"}],"replies":[{"embeddable":true,"href":"https:\/\/elinformante.mx\/index.php?rest_route=%2Fwp%2Fv2%2Fcomments&post=95218"}],"version-history":[{"count":0,"href":"https:\/\/elinformante.mx\/index.php?rest_route=\/wp\/v2\/posts\/95218\/revisions"}],"wp:featuredmedia":[{"embeddable":true,"href":"https:\/\/elinformante.mx\/index.php?rest_route=\/wp\/v2\/media\/95219"}],"wp:attachment":[{"href":"https:\/\/elinformante.mx\/index.php?rest_route=%2Fwp%2Fv2%2Fmedia&parent=95218"}],"wp:term":[{"taxonomy":"category","embeddable":true,"href":"https:\/\/elinformante.mx\/index.php?rest_route=%2Fwp%2Fv2%2Fcategories&post=95218"},{"taxonomy":"post_tag","embeddable":true,"href":"https:\/\/elinformante.mx\/index.php?rest_route=%2Fwp%2Fv2%2Ftags&post=95218"}],"curies":[{"name":"wp","href":"https:\/\/api.w.org\/{rel}","templated":true}]}}