{"id":95304,"date":"2025-11-03T06:18:55","date_gmt":"2025-11-03T12:18:55","guid":{"rendered":"https:\/\/elinformante.mx\/?p=95304"},"modified":"2025-11-03T06:19:01","modified_gmt":"2025-11-03T12:19:01","slug":"celebra-karol-g-dia-de-muertos-en-san-miguel-de-allende","status":"publish","type":"post","link":"https:\/\/elinformante.mx\/?p=95304","title":{"rendered":"Celebra Karol G D\u00eda de Muertos en San Miguel de Allende"},"content":{"rendered":"\n<figure class=\"wp-block-pullquote\"><blockquote><p>La cantante sorprendi\u00f3 a todos al aparecer durante las celebraciones del D\u00eda de Muertos.<\/p><\/blockquote><\/figure>\n\n\n\n<p class=\"has-drop-cap\">La cantante colombiana, Karol G, en pleno D\u00eda de Muertos, se convirti\u00f3 en tendencia en redes sociales tras ser captada caminando por las coloridas calles del centro hist\u00f3rico de San Miguel de Allende, Guanajuato.<br><\/p>\n\n\n\n<p>Karol G disfrut\u00f3 de la atm\u00f3sfera \u00fanica del pueblo m\u00e1gico mexicano, acompa\u00f1ada por su equipo de seguridad y un grupo cercano de colaboradores.<br><\/p>\n\n\n\n<p>Mediante videos difundidos por fans muestran a la cantante acerc\u00e1ndose a las personas que la reconocieron, salud\u00e1ndolas con calidez y recibiendo regalos. Algunos tuvieron la suerte de tomarse fotos con ella, mientras otros simplemente la vieron pasar entre altares, catrinas y m\u00fasica tradicional.<br><\/p>\n\n\n\n<p>\u201cVali\u00f3 la pena todo el d\u00eda caminar y caminar\u201d, escribi\u00f3 un usuario en redes sociales. Otros expresaron su emoci\u00f3n con mensajes como \u201cMe encanta Karol, tan linda y sencilla\u201d o \u201cAlg\u00fan d\u00eda la tengo que tener as\u00ed de cerquita\u201d.<br><\/p>\n\n\n\n<p>Estas im\u00e1genes r\u00e1pidamente se hicieron virales, acumulando miles de reproducciones y comentarios. Mientras muchos aplaudieron su sencillez y conexi\u00f3n con el p\u00fablico mexicano, otros lamentaron no haber estado en el lugar.<br><\/p>\n\n\n\n<p>Aunque la artista no ha compartido detalles oficiales sobre su visita a M\u00e9xico, la revista Qui\u00e9n confirm\u00f3 que Karol G acudi\u00f3 a San Miguel de Allende para la presentaci\u00f3n de su tequila \u201c200 Copas\u201d, un proyecto que lleva el nombre de una de sus canciones m\u00e1s ic\u00f3nicas.<br><\/p>\n\n\n\n<figure class=\"wp-block-image size-large\"><img fetchpriority=\"high\" decoding=\"async\" width=\"1024\" height=\"506\" src=\"https:\/\/elinformante.mx\/wp-content\/uploads\/2025\/11\/15karol-2-1024x506.jpg\" alt=\"\" class=\"wp-image-95311\" srcset=\"https:\/\/elinformante.mx\/wp-content\/uploads\/2025\/11\/15karol-2-1024x506.jpg 1024w, https:\/\/elinformante.mx\/wp-content\/uploads\/2025\/11\/15karol-2-300x148.jpg 300w, https:\/\/elinformante.mx\/wp-content\/uploads\/2025\/11\/15karol-2-768x379.jpg 768w, https:\/\/elinformante.mx\/wp-content\/uploads\/2025\/11\/15karol-2.jpg 1140w\" sizes=\"(max-width: 1024px) 100vw, 1024px\" \/><\/figure>\n\n\n\n<p>Durante el evento privado, la colombiana habl\u00f3 emocionada sobre el lanzamiento de la bebida: \u201cEste proyecto nos tom\u00f3 los \u00faltimos tres a\u00f1os de nuestra vida. Todo ese tiempo me lo guard\u00e9 para que pasara precisamente cuando esto ya estuviera f\u00edsico, que lo pudi\u00e9ramos celebrar. Es un honor, expres\u00f3 la cantante\u201d.<br><\/p>\n\n\n\n<p>Tambi\u00e9n se\u00f1al\u00f3 que ella buscaba un producto que representara recuerdos, memorias para que la gente al probarlo sienta lo mismo que ella la primera vez que prob\u00e9 Casa Dragones.<br><\/p>\n\n\n\n<p>La presencia de Karol G en el coraz\u00f3n de M\u00e9xico no solo gener\u00f3 expectaci\u00f3n, sino tambi\u00e9n elogios por parte de sus seguidores, quienes celebraron que una artista internacional de su talla eligiera una de las festividades m\u00e1s emblem\u00e1ticas del pa\u00eds para compartir un nuevo cap\u00edtulo de su carrera.<br><\/p>\n\n\n\n<p>Curiosamente, no fue la \u00fanica estrella del reguet\u00f3n en disfrutar de esta festividad. Rauw Alejandro, expareja de Rosal\u00eda, tambi\u00e9n celebr\u00f3 el D\u00eda de Muertos en M\u00e9xico antes de iniciar su gira Cosa Nuestra, con conciertos programados en Monterrey, Guadalajara y Ciudad de M\u00e9xico.<br><\/p>\n\n\n\n<p>La visita de Karol G y Rauw Alejandro confirma el creciente inter\u00e9s de las figuras internacionales por la cultura mexicana, especialmente por el D\u00eda de Muertos, una tradici\u00f3n que combina espiritualidad, arte y color.<br><\/p>\n\n\n\n<p>Entre flores de cempas\u00fachil, velas y tequila, Karol G dej\u00f3 claro por qu\u00e9 sigue siendo una de las artistas m\u00e1s queridas del momento, conquistando no solo escenarios, sino tambi\u00e9n corazones\u2026 ahora, desde el m\u00e1gico San Miguel de Allende.<\/p>\n","protected":false},"excerpt":{"rendered":"<p>La cantante sorprendi\u00f3 a todos al aparecer durante las celebraciones del D\u00eda de Muertos. La cantante colombiana, Karol G, en pleno D\u00eda de Muertos, se convirti\u00f3 en tendencia en redes sociales tras ser captada caminando por las coloridas calles del centro hist\u00f3rico de San Miguel de Allende, Guanajuato. Karol G disfrut\u00f3 de la atm\u00f3sfera \u00fanica [&hellip;]<\/p>\n","protected":false},"author":1,"featured_media":95310,"comment_status":"closed","ping_status":"closed","sticky":false,"template":"","format":"standard","meta":{"footnotes":""},"categories":[30,39],"tags":[],"class_list":["post-95304","post","type-post","status-publish","format-standard","has-post-thumbnail","hentry","category-destacado","category-espectaculos"],"_links":{"self":[{"href":"https:\/\/elinformante.mx\/index.php?rest_route=\/wp\/v2\/posts\/95304","targetHints":{"allow":["GET"]}}],"collection":[{"href":"https:\/\/elinformante.mx\/index.php?rest_route=\/wp\/v2\/posts"}],"about":[{"href":"https:\/\/elinformante.mx\/index.php?rest_route=\/wp\/v2\/types\/post"}],"author":[{"embeddable":true,"href":"https:\/\/elinformante.mx\/index.php?rest_route=\/wp\/v2\/users\/1"}],"replies":[{"embeddable":true,"href":"https:\/\/elinformante.mx\/index.php?rest_route=%2Fwp%2Fv2%2Fcomments&post=95304"}],"version-history":[{"count":0,"href":"https:\/\/elinformante.mx\/index.php?rest_route=\/wp\/v2\/posts\/95304\/revisions"}],"wp:featuredmedia":[{"embeddable":true,"href":"https:\/\/elinformante.mx\/index.php?rest_route=\/wp\/v2\/media\/95310"}],"wp:attachment":[{"href":"https:\/\/elinformante.mx\/index.php?rest_route=%2Fwp%2Fv2%2Fmedia&parent=95304"}],"wp:term":[{"taxonomy":"category","embeddable":true,"href":"https:\/\/elinformante.mx\/index.php?rest_route=%2Fwp%2Fv2%2Fcategories&post=95304"},{"taxonomy":"post_tag","embeddable":true,"href":"https:\/\/elinformante.mx\/index.php?rest_route=%2Fwp%2Fv2%2Ftags&post=95304"}],"curies":[{"name":"wp","href":"https:\/\/api.w.org\/{rel}","templated":true}]}}