{"id":95317,"date":"2025-11-03T06:34:36","date_gmt":"2025-11-03T12:34:36","guid":{"rendered":"https:\/\/elinformante.mx\/?p=95317"},"modified":"2025-11-03T06:34:40","modified_gmt":"2025-11-03T12:34:40","slug":"recorrido-al-mictlan-en-lerma-todo-un-exito-ramirez-ponce","status":"publish","type":"post","link":"https:\/\/elinformante.mx\/?p=95317","title":{"rendered":"\u201cRecorrido al Mictl\u00e1n\u201d en Lerma todo un \u00e9xito: Ram\u00edrez Ponce"},"content":{"rendered":"\n<figure class=\"wp-block-pullquote\"><blockquote><p>-Participaron cerca de 3500 asistentes que pudieron disfrutar de un ambiente familiar, donde participaron 35 contingentes.<\/p><\/blockquote><\/figure>\n\n\n\n<p class=\"has-drop-cap\">El presidente municipal de Lerma, Miguel \u00c1ngel Ram\u00edrez Ponce, encabez\u00f3 durante el fin de semana el \u201cRecorrido al Mictl\u00e1n\u201d, festividad en donde ten\u00eda como finalidad promover las festividades del D\u00eda de Muertos 2025.<br><\/p>\n\n\n\n<p>Bajo el lema !Soy Lermense hasta los huesos! se tuvo un registro de alrededor de 3500 personas, que se personificaron y maquillaron de catrinas y catrines, buscando promover las festividades del D\u00eda de Muertos.<br><\/p>\n\n\n\n<p>Durante la festividad, Ram\u00edrez Ponce se\u00f1al\u00f3 que el principal objetivo de este recorrido en lograr que las familias de Lerma est\u00e9n unidas, que disfruten con toda seguridad del desfile.<br><\/p>\n\n\n\n<figure class=\"wp-block-image size-large\"><img fetchpriority=\"high\" decoding=\"async\" width=\"1024\" height=\"506\" src=\"https:\/\/elinformante.mx\/wp-content\/uploads\/2025\/11\/12lerma-2-1024x506.jpg\" alt=\"\" class=\"wp-image-95323\" srcset=\"https:\/\/elinformante.mx\/wp-content\/uploads\/2025\/11\/12lerma-2-1024x506.jpg 1024w, https:\/\/elinformante.mx\/wp-content\/uploads\/2025\/11\/12lerma-2-300x148.jpg 300w, https:\/\/elinformante.mx\/wp-content\/uploads\/2025\/11\/12lerma-2-768x379.jpg 768w, https:\/\/elinformante.mx\/wp-content\/uploads\/2025\/11\/12lerma-2.jpg 1140w\" sizes=\"(max-width: 1024px) 100vw, 1024px\" \/><\/figure>\n\n\n\n<p>El \u201cRecorrido al Mictl\u00e1n\u201d inici\u00f3 en las principales calles de la cabecera municipal de Lerma, donde participaron 35 contingentes de escuelas, servidores p\u00fablicos, grupos juveniles de las 8 regiones del municipio, as\u00ed como de la ciudadan\u00eda en general.<br><\/p>\n\n\n\n<p>Durante el recorrido, Ram\u00edrez Ponce tambi\u00e9n se\u00f1al\u00f3 que su gobierno es completamente emp\u00e1tico con la problem\u00e1tica que se vive en el municipio, pero no se pueden dejar de lado, estas actividades que buscan unir a las familias lermeneses.<br><\/p>\n\n\n\n<p>El recorrido estuvo amenizado con banda, adem\u00e1s que se repartieron varios regalos, como pelotas, macetas de cempas\u00fachil y m\u00e1s de 5 mil bolsas de dulces.<br><\/p>\n\n\n\n<p>Tambi\u00e9n se realiz\u00f3 un despliegue operativo de seguridad en el municipio de Lerma por las festividades que tuvieron como principal objetivo realizar rondines en los panteones de las m\u00e1s de 50 demarcaciones que se encuentran en Lerma.<\/p>\n","protected":false},"excerpt":{"rendered":"<p>-Participaron cerca de 3500 asistentes que pudieron disfrutar de un ambiente familiar, donde participaron 35 contingentes. El presidente municipal de Lerma, Miguel \u00c1ngel Ram\u00edrez Ponce, encabez\u00f3 durante el fin de semana el \u201cRecorrido al Mictl\u00e1n\u201d, festividad en donde ten\u00eda como finalidad promover las festividades del D\u00eda de Muertos 2025. Bajo el lema !Soy Lermense hasta [&hellip;]<\/p>\n","protected":false},"author":1,"featured_media":95322,"comment_status":"closed","ping_status":"closed","sticky":false,"template":"","format":"standard","meta":{"footnotes":""},"categories":[36],"tags":[],"class_list":["post-95317","post","type-post","status-publish","format-standard","has-post-thumbnail","hentry","category-edomex"],"_links":{"self":[{"href":"https:\/\/elinformante.mx\/index.php?rest_route=\/wp\/v2\/posts\/95317","targetHints":{"allow":["GET"]}}],"collection":[{"href":"https:\/\/elinformante.mx\/index.php?rest_route=\/wp\/v2\/posts"}],"about":[{"href":"https:\/\/elinformante.mx\/index.php?rest_route=\/wp\/v2\/types\/post"}],"author":[{"embeddable":true,"href":"https:\/\/elinformante.mx\/index.php?rest_route=\/wp\/v2\/users\/1"}],"replies":[{"embeddable":true,"href":"https:\/\/elinformante.mx\/index.php?rest_route=%2Fwp%2Fv2%2Fcomments&post=95317"}],"version-history":[{"count":0,"href":"https:\/\/elinformante.mx\/index.php?rest_route=\/wp\/v2\/posts\/95317\/revisions"}],"wp:featuredmedia":[{"embeddable":true,"href":"https:\/\/elinformante.mx\/index.php?rest_route=\/wp\/v2\/media\/95322"}],"wp:attachment":[{"href":"https:\/\/elinformante.mx\/index.php?rest_route=%2Fwp%2Fv2%2Fmedia&parent=95317"}],"wp:term":[{"taxonomy":"category","embeddable":true,"href":"https:\/\/elinformante.mx\/index.php?rest_route=%2Fwp%2Fv2%2Fcategories&post=95317"},{"taxonomy":"post_tag","embeddable":true,"href":"https:\/\/elinformante.mx\/index.php?rest_route=%2Fwp%2Fv2%2Ftags&post=95317"}],"curies":[{"name":"wp","href":"https:\/\/api.w.org\/{rel}","templated":true}]}}