{"id":95321,"date":"2025-11-03T06:39:46","date_gmt":"2025-11-03T12:39:46","guid":{"rendered":"https:\/\/elinformante.mx\/?p=95321"},"modified":"2025-11-03T06:39:51","modified_gmt":"2025-11-03T12:39:51","slug":"dia-de-muertos-tradicion-alegria-y-convivencia-en-zinacantepec-vilchis-viveros","status":"publish","type":"post","link":"https:\/\/elinformante.mx\/?p=95321","title":{"rendered":"D\u00eda de Muertos: tradici\u00f3n, alegr\u00eda y convivencia en Zinacantepec: Vilchis Viveros"},"content":{"rendered":"\n<figure class=\"wp-block-pullquote\"><blockquote><p>Tambi\u00e9n se disfrut\u00f3 del tradicional Desfile de Disfraces \u201cFidel Mart\u00ednez\u201d, que fue todo un \u00e9xito.<\/p><\/blockquote><\/figure>\n\n\n\n<p class=\"has-drop-cap\">El presidente municipal de Zinacantepec, Manuel Vilchis Viveros, y la presidenta del DIF, Jessica R\u00edos Lara, junto con los regidores, directores de la administraci\u00f3n municipal y parte de la familia del DIF Zinacantepec, celebraron este fin de semana el D\u00eda de Muertos.<br><\/p>\n\n\n\n<p>Comenzaron con la entrega de la tradicional \u201ccalaverita\u201d a las ni\u00f1as y los ni\u00f1os de la URIS de Zinacantepec, a quienes les entregaron su bolsita de dulces, se\u00f1alando que estos peque\u00f1os gestos logran la reacci\u00f3n m\u00e1s bella, plasmar una enorme sonrisa que ilumina sus rostros.<br><\/p>\n\n\n\n<p>Vilchis Viveros se\u00f1al\u00f3 que cada sonrisa de estos peque\u00f1itos y peque\u00f1itas es un recordatorio de que vale la pena seguir construyendo un municipio donde la inclusi\u00f3n, el amor y la felicidad sean parte de cada d\u00eda.<br><\/p>\n\n\n\n<p>Agradeci\u00f3 a las familias que acompa\u00f1aron a los peque\u00f1os y que contin\u00faan fomento estas sentidas celebraciones, que logran crear un espacio de convivencia, uni\u00f3n y alegr\u00eda.<br><\/p>\n\n\n\n<figure class=\"wp-block-image size-large\"><img fetchpriority=\"high\" decoding=\"async\" width=\"1024\" height=\"506\" src=\"https:\/\/elinformante.mx\/wp-content\/uploads\/2025\/11\/12zina-2-1024x506.jpg\" alt=\"\" class=\"wp-image-95326\" srcset=\"https:\/\/elinformante.mx\/wp-content\/uploads\/2025\/11\/12zina-2-1024x506.jpg 1024w, https:\/\/elinformante.mx\/wp-content\/uploads\/2025\/11\/12zina-2-300x148.jpg 300w, https:\/\/elinformante.mx\/wp-content\/uploads\/2025\/11\/12zina-2-768x379.jpg 768w, https:\/\/elinformante.mx\/wp-content\/uploads\/2025\/11\/12zina-2.jpg 1140w\" sizes=\"(max-width: 1024px) 100vw, 1024px\" \/><\/figure>\n\n\n\n<p>Se\u00f1al\u00f3 que en Zinacantepec se busca seguir preservando las tradiciones y sembrando recuerdos felices en la ni\u00f1ez.<br><\/p>\n\n\n\n<p>Tambi\u00e9n se disfrut\u00f3 del tradicional Desfile de Disfraces \u201cFidel Mart\u00ednez\u201d, que fue todo un \u00e9xito. Vilchis Viveros felicit\u00f3 a todas y todos los participantes por su creatividad, entusiasmo y esp\u00edritu festivo, as\u00ed como a las y los ganadores por su gran talento.<br><\/p>\n\n\n\n<p>Participo de igual manera en la tradicional velada de los \u201cFieles Difuntos\u201d en el Pante\u00f3n Municipal. En el lugar, Vilchis Viveros comparti\u00f3 con las familias este momento de recogimiento y unidad, durante la velada hizo entrega de una veladora, caf\u00e9 y hojaldra como s\u00edmbolo de respeto, memoria y cercan\u00eda con quienes hoy descansan en paz.<br><\/p>\n\n\n\n<p>Con este tipo de eventos, se\u00f1al\u00f3 Vilchis Viveros, en Zinacantepec se reafirma la celebraci\u00f3n de nuestras tradiciones con uni\u00f3n, alegr\u00eda y, sobre todo, con un gran sentido de convivencia familiar y comunitaria, adem\u00e1s de mantener vivas las tradiciones y fortalecer los lazos que nos unen como comunidad.<\/p>\n","protected":false},"excerpt":{"rendered":"<p>Tambi\u00e9n se disfrut\u00f3 del tradicional Desfile de Disfraces \u201cFidel Mart\u00ednez\u201d, que fue todo un \u00e9xito. El presidente municipal de Zinacantepec, Manuel Vilchis Viveros, y la presidenta del DIF, Jessica R\u00edos Lara, junto con los regidores, directores de la administraci\u00f3n municipal y parte de la familia del DIF Zinacantepec, celebraron este fin de semana el D\u00eda [&hellip;]<\/p>\n","protected":false},"author":1,"featured_media":95325,"comment_status":"closed","ping_status":"closed","sticky":false,"template":"","format":"standard","meta":{"footnotes":""},"categories":[36],"tags":[],"class_list":["post-95321","post","type-post","status-publish","format-standard","has-post-thumbnail","hentry","category-edomex"],"_links":{"self":[{"href":"https:\/\/elinformante.mx\/index.php?rest_route=\/wp\/v2\/posts\/95321","targetHints":{"allow":["GET"]}}],"collection":[{"href":"https:\/\/elinformante.mx\/index.php?rest_route=\/wp\/v2\/posts"}],"about":[{"href":"https:\/\/elinformante.mx\/index.php?rest_route=\/wp\/v2\/types\/post"}],"author":[{"embeddable":true,"href":"https:\/\/elinformante.mx\/index.php?rest_route=\/wp\/v2\/users\/1"}],"replies":[{"embeddable":true,"href":"https:\/\/elinformante.mx\/index.php?rest_route=%2Fwp%2Fv2%2Fcomments&post=95321"}],"version-history":[{"count":0,"href":"https:\/\/elinformante.mx\/index.php?rest_route=\/wp\/v2\/posts\/95321\/revisions"}],"wp:featuredmedia":[{"embeddable":true,"href":"https:\/\/elinformante.mx\/index.php?rest_route=\/wp\/v2\/media\/95325"}],"wp:attachment":[{"href":"https:\/\/elinformante.mx\/index.php?rest_route=%2Fwp%2Fv2%2Fmedia&parent=95321"}],"wp:term":[{"taxonomy":"category","embeddable":true,"href":"https:\/\/elinformante.mx\/index.php?rest_route=%2Fwp%2Fv2%2Fcategories&post=95321"},{"taxonomy":"post_tag","embeddable":true,"href":"https:\/\/elinformante.mx\/index.php?rest_route=%2Fwp%2Fv2%2Ftags&post=95321"}],"curies":[{"name":"wp","href":"https:\/\/api.w.org\/{rel}","templated":true}]}}