{"id":95327,"date":"2025-11-03T06:47:07","date_gmt":"2025-11-03T12:47:07","guid":{"rendered":"https:\/\/elinformante.mx\/?p=95327"},"modified":"2025-11-03T06:47:11","modified_gmt":"2025-11-03T12:47:11","slug":"celebran-en-mexicaltzingo-festividades-de-dia-de-muertos","status":"publish","type":"post","link":"https:\/\/elinformante.mx\/?p=95327","title":{"rendered":"Celebran en Mexicaltzingo festividades de D\u00eda de Muertos"},"content":{"rendered":"\n<figure class=\"wp-block-pullquote\"><blockquote><p>La presidenta municipal Saray Ben\u00edtez Espinosa se\u00f1al\u00f3 que estas festividades se deben festejar con orgullo y respeto.<\/p><\/blockquote><\/figure>\n\n\n\n<p class=\"has-drop-cap\">Mexicaltzingo celebr\u00f3 las festividades del D\u00eda de Muertos, una de las tradiciones m\u00e1s emblem\u00e1ticas en M\u00e9xico.<br><\/p>\n\n\n\n<p>La presidenta municipal Saray Ben\u00edtez Espinosa se\u00f1al\u00f3 que estas festividades se deben festejar con orgullo y respeto.<br><\/p>\n\n\n\n<p>Comenzaron las festividades con la entrega de dulces que se realiz\u00f3 a los peque\u00f1os infantes de la Estancia Infantil del DIF de Mexicaltzingo<br><\/p>\n\n\n\n<p>Durante la entrega, Ben\u00edtez Espinosa pidi\u00f3 a todos los presentes a seguir generando momentos felices para las ni\u00f1as y los ni\u00f1os, quienes siempre ser\u00e1n una prioridad, y por qui\u00e9n se trabaja cada d\u00eda para brindarles espacios seguros, llenos de amor, aprendizaje y momentos que fortalezcan su desarrollo integral.<br><\/p>\n\n\n\n<p>Tambi\u00e9n particip\u00f3 junto con vecinos de Mexicaltzingo, con quienes acudi\u00f3 al pante\u00f3n municipal donde se llev\u00f3 a cabo una misa para aquellos que viven eternamente en nuestros corazones, adem\u00e1s de prender una vela para marcar el camino a las casas.<br><\/p>\n\n\n\n<p>Se\u00f1al\u00f3 que nuestras tradiciones nos unen, por lo se elev\u00f3 un globo de Camboya, como s\u00edmbolo de amor y memoria para recordar con cari\u00f1o a quienes ya partieron de este plano terrenal.<br><\/p>\n\n\n\n<p>Y pidi\u00f3 seguir honrando nuestras tradiciones y recordemos con amor a quienes permanecen en nuestra memoria.<\/p>\n","protected":false},"excerpt":{"rendered":"<p>La presidenta municipal Saray Ben\u00edtez Espinosa se\u00f1al\u00f3 que estas festividades se deben festejar con orgullo y respeto. Mexicaltzingo celebr\u00f3 las festividades del D\u00eda de Muertos, una de las tradiciones m\u00e1s emblem\u00e1ticas en M\u00e9xico. La presidenta municipal Saray Ben\u00edtez Espinosa se\u00f1al\u00f3 que estas festividades se deben festejar con orgullo y respeto. Comenzaron las festividades con la [&hellip;]<\/p>\n","protected":false},"author":1,"featured_media":95330,"comment_status":"closed","ping_status":"closed","sticky":false,"template":"","format":"standard","meta":{"footnotes":""},"categories":[36],"tags":[],"class_list":["post-95327","post","type-post","status-publish","format-standard","has-post-thumbnail","hentry","category-edomex"],"_links":{"self":[{"href":"https:\/\/elinformante.mx\/index.php?rest_route=\/wp\/v2\/posts\/95327","targetHints":{"allow":["GET"]}}],"collection":[{"href":"https:\/\/elinformante.mx\/index.php?rest_route=\/wp\/v2\/posts"}],"about":[{"href":"https:\/\/elinformante.mx\/index.php?rest_route=\/wp\/v2\/types\/post"}],"author":[{"embeddable":true,"href":"https:\/\/elinformante.mx\/index.php?rest_route=\/wp\/v2\/users\/1"}],"replies":[{"embeddable":true,"href":"https:\/\/elinformante.mx\/index.php?rest_route=%2Fwp%2Fv2%2Fcomments&post=95327"}],"version-history":[{"count":0,"href":"https:\/\/elinformante.mx\/index.php?rest_route=\/wp\/v2\/posts\/95327\/revisions"}],"wp:featuredmedia":[{"embeddable":true,"href":"https:\/\/elinformante.mx\/index.php?rest_route=\/wp\/v2\/media\/95330"}],"wp:attachment":[{"href":"https:\/\/elinformante.mx\/index.php?rest_route=%2Fwp%2Fv2%2Fmedia&parent=95327"}],"wp:term":[{"taxonomy":"category","embeddable":true,"href":"https:\/\/elinformante.mx\/index.php?rest_route=%2Fwp%2Fv2%2Fcategories&post=95327"},{"taxonomy":"post_tag","embeddable":true,"href":"https:\/\/elinformante.mx\/index.php?rest_route=%2Fwp%2Fv2%2Ftags&post=95327"}],"curies":[{"name":"wp","href":"https:\/\/api.w.org\/{rel}","templated":true}]}}