{"id":95333,"date":"2025-11-03T06:56:41","date_gmt":"2025-11-03T12:56:41","guid":{"rendered":"https:\/\/elinformante.mx\/?p=95333"},"modified":"2025-11-03T06:56:44","modified_gmt":"2025-11-03T12:56:44","slug":"comienza-comunidad-de-uaemex-colecta-regional-de-invierno","status":"publish","type":"post","link":"https:\/\/elinformante.mx\/?p=95333","title":{"rendered":"Comienza comunidad de UAEM\u00e9x colecta regional de invierno"},"content":{"rendered":"\n<figure class=\"wp-block-pullquote\"><blockquote><p>Quienes deseen donar alg\u00fan art\u00edculo podr\u00e1n entregarlos en la Facultad de Ciencias de la Conducta.<\/p><\/blockquote><\/figure>\n\n\n\n<p class=\"has-drop-cap\">Buscando apoyar a las comunidades mexiquenses que tendr\u00e1n que enfrentar condiciones de vulnerabilidad ante las bajas temperaturas comunes en la \u00e9poca invernal, la Universidad Aut\u00f3noma del Estado de M\u00e9xico (UAEM\u00e9x) anunci\u00f3 el inicio de la Colecta Regional de Invierno, del 3 al 27 de noviembre.<br><\/p>\n\n\n\n<p>Mediante una la iniciativa, la comunidad universitaria y la sociedad en general podr\u00e1n donar prendas nuevas o en buen estado, limpias y en condiciones adecuadas para su reutilizaci\u00f3n.<br><\/p>\n\n\n\n<p>En esta 24 edici\u00f3n de la colecta, los art\u00edculos recolectados ser\u00e1n destinados a ni\u00f1as, ni\u00f1os, adolescentes, j\u00f3venes, adultos y personas adultas mayores que habitan en zonas del Valle de Toluca donde el fr\u00edo afecta con mayor intensidad, principalmente durante los meses de noviembre, diciembre, enero y febrero.<br><\/p>\n\n\n\n<p>Se recibir\u00e1n entre los varios art\u00edculos playeras, pasamonta\u00f1as, guantes, calcetines, su\u00e9teres, bufandas, cobijas y juguetes, preferentemente did\u00e1cticos y que no requieran bater\u00edas.<br><\/p>\n\n\n\n<p>Se\u00f1alaron que quienes deseen donar alg\u00fan art\u00edculo, podr\u00e1n entregarlos en la Facultad de Ciencias de la Conducta, ubicada en Av. Filiberto G\u00f3mez s\/n, Barrio de Tlacopa, Toluca, en un horario de 9:00 a 17:00 horas.<br><\/p>\n\n\n\n<p>Por medio de esta iniciativa la UAEM\u00e9x, por medio de la Secretar\u00eda de Gobernanza Universitaria y la Direcci\u00f3n de Seguridad y Protecci\u00f3n Universitaria, reiter\u00f3 su compromiso con las acciones solidarias que promueven la empat\u00eda, la responsabilidad social y el apoyo a los sectores m\u00e1s necesitados durante la temporada invernal.<\/p>\n","protected":false},"excerpt":{"rendered":"<p>Quienes deseen donar alg\u00fan art\u00edculo podr\u00e1n entregarlos en la Facultad de Ciencias de la Conducta. Buscando apoyar a las comunidades mexiquenses que tendr\u00e1n que enfrentar condiciones de vulnerabilidad ante las bajas temperaturas comunes en la \u00e9poca invernal, la Universidad Aut\u00f3noma del Estado de M\u00e9xico (UAEM\u00e9x) anunci\u00f3 el inicio de la Colecta Regional de Invierno, del [&hellip;]<\/p>\n","protected":false},"author":1,"featured_media":95339,"comment_status":"closed","ping_status":"closed","sticky":false,"template":"","format":"standard","meta":{"footnotes":""},"categories":[30,36],"tags":[],"class_list":["post-95333","post","type-post","status-publish","format-standard","has-post-thumbnail","hentry","category-destacado","category-edomex"],"_links":{"self":[{"href":"https:\/\/elinformante.mx\/index.php?rest_route=\/wp\/v2\/posts\/95333","targetHints":{"allow":["GET"]}}],"collection":[{"href":"https:\/\/elinformante.mx\/index.php?rest_route=\/wp\/v2\/posts"}],"about":[{"href":"https:\/\/elinformante.mx\/index.php?rest_route=\/wp\/v2\/types\/post"}],"author":[{"embeddable":true,"href":"https:\/\/elinformante.mx\/index.php?rest_route=\/wp\/v2\/users\/1"}],"replies":[{"embeddable":true,"href":"https:\/\/elinformante.mx\/index.php?rest_route=%2Fwp%2Fv2%2Fcomments&post=95333"}],"version-history":[{"count":0,"href":"https:\/\/elinformante.mx\/index.php?rest_route=\/wp\/v2\/posts\/95333\/revisions"}],"wp:featuredmedia":[{"embeddable":true,"href":"https:\/\/elinformante.mx\/index.php?rest_route=\/wp\/v2\/media\/95339"}],"wp:attachment":[{"href":"https:\/\/elinformante.mx\/index.php?rest_route=%2Fwp%2Fv2%2Fmedia&parent=95333"}],"wp:term":[{"taxonomy":"category","embeddable":true,"href":"https:\/\/elinformante.mx\/index.php?rest_route=%2Fwp%2Fv2%2Fcategories&post=95333"},{"taxonomy":"post_tag","embeddable":true,"href":"https:\/\/elinformante.mx\/index.php?rest_route=%2Fwp%2Fv2%2Ftags&post=95333"}],"curies":[{"name":"wp","href":"https:\/\/api.w.org\/{rel}","templated":true}]}}