{"id":95340,"date":"2025-11-03T07:05:17","date_gmt":"2025-11-03T13:05:17","guid":{"rendered":"https:\/\/elinformante.mx\/?p=95340"},"modified":"2025-11-03T07:05:21","modified_gmt":"2025-11-03T13:05:21","slug":"condena-ricardo-moreno-el-asesinato-del-alcalde-de-uruapan","status":"publish","type":"post","link":"https:\/\/elinformante.mx\/?p=95340","title":{"rendered":"Condena Ricardo Moreno el asesinato del alcalde de Uruapan"},"content":{"rendered":"\n<figure class=\"wp-block-pullquote\"><blockquote><p>Exhort\u00f3 a que las autoridades competentes realicen una investigaci\u00f3n pronta y exhaustiva que permita esclarecer los hechos y sancionar a los responsables.<\/p><\/blockquote><\/figure>\n\n\n\n<p class=\"has-drop-cap\">Se pronunci\u00f3 el presidente Municipal de Toluca, Ricardo Moreno Bastida, condenando de manera en\u00e9rgica el terrible asesinato del alcalde de Uruapan, Michoac\u00e1n, Carlos Manzo Rodr\u00edguez, ocurrido la noche del 1 de noviembre durante una celebraci\u00f3n por el D\u00eda de Muertos.<br><\/p>\n\n\n\n<p>El Ayuntamiento de Toluca expres\u00f3 su m\u00e1s profundo pesar y solidaridad con la familia del presidente municipal fallecido, extendiendo sus condolencias con la sociedad uruapense y con el pueblo de Michoac\u00e1n, ante este lamentable hecho que enluta al servicio p\u00fablico y a la vida democr\u00e1tica del pa\u00eds.<br><\/p>\n\n\n\n<p>Ricardo Moreno afirm\u00f3 que ninguna expresi\u00f3n de violencia puede tener cabida en la vida p\u00fablica, y reiter\u00f3 el compromiso del gobierno municipal con la paz, la justicia y el fortalecimiento de las instituciones que velan por la seguridad de las y los ciudadanos.<br><\/p>\n\n\n\n<p>Asimismo, exhort\u00f3 a que las autoridades competentes realicen una investigaci\u00f3n pronta y exhaustiva que permita esclarecer los hechos y sancionar a los responsables.<br><\/p>\n\n\n\n<p>Se\u00f1al\u00f3 Moreno Bastida que el Gobierno Municipal de Toluca se une al duelo que embarga a Michoac\u00e1n, y refrenda su convicci\u00f3n de que s\u00f3lo mediante la unidad, el respeto y la justicia se puede construir un M\u00e9xico en paz.<\/p>\n","protected":false},"excerpt":{"rendered":"<p>Exhort\u00f3 a que las autoridades competentes realicen una investigaci\u00f3n pronta y exhaustiva que permita esclarecer los hechos y sancionar a los responsables. Se pronunci\u00f3 el presidente Municipal de Toluca, Ricardo Moreno Bastida, condenando de manera en\u00e9rgica el terrible asesinato del alcalde de Uruapan, Michoac\u00e1n, Carlos Manzo Rodr\u00edguez, ocurrido la noche del 1 de noviembre durante [&hellip;]<\/p>\n","protected":false},"author":1,"featured_media":95343,"comment_status":"closed","ping_status":"closed","sticky":false,"template":"","format":"standard","meta":{"footnotes":""},"categories":[30,36],"tags":[],"class_list":["post-95340","post","type-post","status-publish","format-standard","has-post-thumbnail","hentry","category-destacado","category-edomex"],"_links":{"self":[{"href":"https:\/\/elinformante.mx\/index.php?rest_route=\/wp\/v2\/posts\/95340","targetHints":{"allow":["GET"]}}],"collection":[{"href":"https:\/\/elinformante.mx\/index.php?rest_route=\/wp\/v2\/posts"}],"about":[{"href":"https:\/\/elinformante.mx\/index.php?rest_route=\/wp\/v2\/types\/post"}],"author":[{"embeddable":true,"href":"https:\/\/elinformante.mx\/index.php?rest_route=\/wp\/v2\/users\/1"}],"replies":[{"embeddable":true,"href":"https:\/\/elinformante.mx\/index.php?rest_route=%2Fwp%2Fv2%2Fcomments&post=95340"}],"version-history":[{"count":0,"href":"https:\/\/elinformante.mx\/index.php?rest_route=\/wp\/v2\/posts\/95340\/revisions"}],"wp:featuredmedia":[{"embeddable":true,"href":"https:\/\/elinformante.mx\/index.php?rest_route=\/wp\/v2\/media\/95343"}],"wp:attachment":[{"href":"https:\/\/elinformante.mx\/index.php?rest_route=%2Fwp%2Fv2%2Fmedia&parent=95340"}],"wp:term":[{"taxonomy":"category","embeddable":true,"href":"https:\/\/elinformante.mx\/index.php?rest_route=%2Fwp%2Fv2%2Fcategories&post=95340"},{"taxonomy":"post_tag","embeddable":true,"href":"https:\/\/elinformante.mx\/index.php?rest_route=%2Fwp%2Fv2%2Ftags&post=95340"}],"curies":[{"name":"wp","href":"https:\/\/api.w.org\/{rel}","templated":true}]}}