{"id":95355,"date":"2025-11-03T07:24:59","date_gmt":"2025-11-03T13:24:59","guid":{"rendered":"https:\/\/elinformante.mx\/?p=95355"},"modified":"2025-11-03T07:25:04","modified_gmt":"2025-11-03T13:25:04","slug":"ajuste-a-la-tarifa-del-transporte-en-cdmx-busca-fortalecer-la-calidad-en-el-servicio","status":"publish","type":"post","link":"https:\/\/elinformante.mx\/?p=95355","title":{"rendered":"Ajuste a la tarifa del transporte en CDMX busca fortalecer la calidad en el servicio"},"content":{"rendered":"\n<figure class=\"wp-block-pullquote\"><blockquote><p>El titular de la SEMOVI inform\u00f3 que, tras un amplio an\u00e1lisis t\u00e9cnico, social y financiero, se determin\u00f3 la necesidad de realizar un ajuste en la tarifa del transporte p\u00fablico.<\/p><\/blockquote><\/figure>\n\n\n\n<p class=\"has-drop-cap\">Con el prop\u00f3sito de ampliar la informaci\u00f3n sobre el ajuste a la tarifa del transporte p\u00fablico, los titulares de la Secretar\u00eda de Movilidad (SEMOVI), H\u00e9ctor Ulises Garc\u00eda Nieto; de la Secretar\u00eda de Gobierno (SEGOB), C\u00e9sar Cravioto Romero; y de la Secretar\u00eda de Administraci\u00f3n y Finanzas (SAF), Juan Pablo de Botton Falc\u00f3n, ofrecieron una conferencia de prensa para expresar el compromiso del Gobierno de la Ciudad de M\u00e9xico por cuidar la econom\u00eda de sus habitantes, as\u00ed como mejorar las condiciones en las que se presta el servicio.<br><\/p>\n\n\n\n<p>El titular de la SEMOVI inform\u00f3 que, tras un amplio an\u00e1lisis t\u00e9cnico, social y financiero, se determin\u00f3 la necesidad de realizar un ajuste en la tarifa del transporte p\u00fablico.<br><\/p>\n\n\n\n<p>El aumento autorizado de $1.50 (un peso con cincuenta centavos) tiene como prop\u00f3sito fortalecer la calidad del transporte, al permitir la renovaci\u00f3n de unidades, el mantenimiento de la flota existente, la capacitaci\u00f3n de las y los conductores, y avanzar hacia un sistema m\u00e1s sustentable y ordenado.<br><\/p>\n\n\n\n<p>Inform\u00f3 que el gremio transportista debe apegarse al cumplimiento de las reglas se\u00f1aladas en la Ley de Movilidad y el Reglamento de Tr\u00e1nsito, ambos de la ciudad. Por su parte, el titular de la SAF destac\u00f3 el compromiso de fortalecer este tipo de transporte, siendo la Capital del pa\u00eds un referente de movilidad que protege los bolsillos de las personas que aqu\u00ed se trasladan.<br><\/p>\n\n\n\n<p>A su vez, el titular de la SEGOB hizo hincapi\u00e9 en que los distintos transportes con los que cuenta la ciudad no tendr\u00e1n un alza en sus tarifas, adem\u00e1s hizo \u00e9nfasis en que trabajando en equipo se alcanzar\u00e1n los objetivos deseados.<br><\/p>\n\n\n\n<p>El ajuste anunciado se llev\u00f3 a cabo con estricta responsabilidad y sensibilidad social, procurando afectar lo menos posible la econom\u00eda de las familias y priorizando siempre el bienestar colectivo y la movilidad digna de las y los habitantes de la capital.<br><\/p>\n\n\n\n<p>El Gobierno de la Ciudad de M\u00e9xico, reitera su compromiso con una movilidad integrada, segura, accesible y de calidad, que contribuya al desarrollo equitativo y sostenible de la capital, priorizando el bienestar y la econom\u00eda de las y los usuarios.<\/p>\n","protected":false},"excerpt":{"rendered":"<p>El titular de la SEMOVI inform\u00f3 que, tras un amplio an\u00e1lisis t\u00e9cnico, social y financiero, se determin\u00f3 la necesidad de realizar un ajuste en la tarifa del transporte p\u00fablico. Con el prop\u00f3sito de ampliar la informaci\u00f3n sobre el ajuste a la tarifa del transporte p\u00fablico, los titulares de la Secretar\u00eda de Movilidad (SEMOVI), H\u00e9ctor Ulises [&hellip;]<\/p>\n","protected":false},"author":1,"featured_media":95358,"comment_status":"closed","ping_status":"closed","sticky":false,"template":"","format":"standard","meta":{"footnotes":""},"categories":[35],"tags":[],"class_list":["post-95355","post","type-post","status-publish","format-standard","has-post-thumbnail","hentry","category-cdmx"],"_links":{"self":[{"href":"https:\/\/elinformante.mx\/index.php?rest_route=\/wp\/v2\/posts\/95355","targetHints":{"allow":["GET"]}}],"collection":[{"href":"https:\/\/elinformante.mx\/index.php?rest_route=\/wp\/v2\/posts"}],"about":[{"href":"https:\/\/elinformante.mx\/index.php?rest_route=\/wp\/v2\/types\/post"}],"author":[{"embeddable":true,"href":"https:\/\/elinformante.mx\/index.php?rest_route=\/wp\/v2\/users\/1"}],"replies":[{"embeddable":true,"href":"https:\/\/elinformante.mx\/index.php?rest_route=%2Fwp%2Fv2%2Fcomments&post=95355"}],"version-history":[{"count":0,"href":"https:\/\/elinformante.mx\/index.php?rest_route=\/wp\/v2\/posts\/95355\/revisions"}],"wp:featuredmedia":[{"embeddable":true,"href":"https:\/\/elinformante.mx\/index.php?rest_route=\/wp\/v2\/media\/95358"}],"wp:attachment":[{"href":"https:\/\/elinformante.mx\/index.php?rest_route=%2Fwp%2Fv2%2Fmedia&parent=95355"}],"wp:term":[{"taxonomy":"category","embeddable":true,"href":"https:\/\/elinformante.mx\/index.php?rest_route=%2Fwp%2Fv2%2Fcategories&post=95355"},{"taxonomy":"post_tag","embeddable":true,"href":"https:\/\/elinformante.mx\/index.php?rest_route=%2Fwp%2Fv2%2Ftags&post=95355"}],"curies":[{"name":"wp","href":"https:\/\/api.w.org\/{rel}","templated":true}]}}