{"id":95362,"date":"2025-11-03T07:45:03","date_gmt":"2025-11-03T13:45:03","guid":{"rendered":"https:\/\/elinformante.mx\/?p=95362"},"modified":"2025-11-03T07:45:11","modified_gmt":"2025-11-03T13:45:11","slug":"mara-lezama-abre-la-primera-generacion-de-licenciatura-en-terapia-ocupacional","status":"publish","type":"post","link":"https:\/\/elinformante.mx\/?p=95362","title":{"rendered":"Mara Lezama abre la primera generaci\u00f3n de Licenciatura en Terapia Ocupacional"},"content":{"rendered":"\n<figure class=\"wp-block-pullquote\"><blockquote><p>-Las y los j\u00f3venes inician sus estudios en las instalaciones del CRIQ para beneficio de las personas con discapacidad<\/p><\/blockquote><\/figure>\n\n\n\n<p class=\"has-drop-cap\">La gobernadora Mara Lezama Espinosa y la presidenta honoraria del Sistema DIF Quintana Roo, Ver\u00f3nica Lezama Espinosa, abrieron la primera generaci\u00f3n de la Licenciatura en Terapia Ocupacional, \u00fanica en la Pen\u00ednsula de Yucat\u00e1n, para que las y los j\u00f3venes inicien sus estudios en las instalaciones del Centro de Rehabilitaci\u00f3n Integral de Quintana Roo (CRIQ) para marcar la diferencia y cambiar la vida de las personas con discapacidad.<br><\/p>\n\n\n\n<p>\u201cHoy en Quintana Roo escribimos una nueva p\u00e1gina de esperanza con la apertura de la primera generaci\u00f3n de la Licenciatura en Terapia Ocupacional de la prestigiada escuela \u00b4Dr. Alfonso Tohen Zamudio\u00b4 con 33 a\u00f1os de trayectoria formando profesionales en la salud\u201d dijo la Gobernadora.<br><\/p>\n\n\n\n<p>Mara Lezama inform\u00f3 que son un total de 23 j\u00f3venes quienes inician sus estudios en las instalaciones del CRIQ, para transformarle y cambiarle la vida a personas con discapacidad.<br><\/p>\n\n\n\n<p>Explic\u00f3 que la Licenciatura en Terapia Ocupacional forma parte de la red de 13 escuelas nacionales del Sistema Nacional de DIF, tiene una duraci\u00f3n de cuatro a\u00f1os, para este 2025 se inscribieron 23 estudiantes, de los cuales 14 son mujeres y 9 hombres, quienes se preparar\u00e1n para mejorar la calidad de vida de personas con alguna discapacidad, favoreciendo su funcionalidad y desarrollo integral.<br><\/p>\n\n\n\n<figure class=\"wp-block-image size-large\"><img fetchpriority=\"high\" decoding=\"async\" width=\"1024\" height=\"506\" src=\"https:\/\/elinformante.mx\/wp-content\/uploads\/2025\/11\/4mara-2-1024x506.jpg\" alt=\"\" class=\"wp-image-95364\" srcset=\"https:\/\/elinformante.mx\/wp-content\/uploads\/2025\/11\/4mara-2-1024x506.jpg 1024w, https:\/\/elinformante.mx\/wp-content\/uploads\/2025\/11\/4mara-2-300x148.jpg 300w, https:\/\/elinformante.mx\/wp-content\/uploads\/2025\/11\/4mara-2-768x379.jpg 768w, https:\/\/elinformante.mx\/wp-content\/uploads\/2025\/11\/4mara-2.jpg 1140w\" sizes=\"(max-width: 1024px) 100vw, 1024px\" \/><\/figure>\n\n\n\n<p>La titular del Ejecutivo dijo que este logro refleja lo que somos, un gobierno humanista con coraz\u00f3n feminista, comprometido en transformar vidas, cuidar a las familias y la salud, como se establece en el Nuevo Acuerdo por el Bienestar y Desarrollo de Quintana Roo, donde nadie se queda atr\u00e1s y nadie se quede afuera.<br><\/p>\n\n\n\n<p>Reconoci\u00f3 que hoy se celebra con orgullo que esta es la \u00fanica escuela con la Licenciatura en Terapia Ocupacional de toda la red del Sistema DIF Nacional; las y los estudiantes ya son parte de esta primera generaci\u00f3n fundadora.<br><\/p>\n\n\n\n<p>Por su parte, la presidenta honoraria del DIF Quintana Roo, Ver\u00f3nica Lezama, destac\u00f3 la trascendencia de contar con profesionistas dedicados a la rehabilitaci\u00f3n.<br><\/p>\n\n\n\n<p>Con esta acci\u00f3n, el Gobierno del Estado y el DIF Quintana Roo reafirman su compromiso de trabajar unidas y unidos para transformar, impulsando oportunidades acad\u00e9micas y sociales que generen cambios reales en la vida de las y los quintanarroenses. \u201cCon un gobierno humanista se abren m\u00e1s oportunidades educativas para j\u00f3venes que transformar\u00e1n vidas a trav\u00e9s de la rehabilitaci\u00f3n y la inclusi\u00f3n social\u201d, dijo Ver\u00f3nica Lezama.<\/p>\n","protected":false},"excerpt":{"rendered":"<p>-Las y los j\u00f3venes inician sus estudios en las instalaciones del CRIQ para beneficio de las personas con discapacidad La gobernadora Mara Lezama Espinosa y la presidenta honoraria del Sistema DIF Quintana Roo, Ver\u00f3nica Lezama Espinosa, abrieron la primera generaci\u00f3n de la Licenciatura en Terapia Ocupacional, \u00fanica en la Pen\u00ednsula de Yucat\u00e1n, para que las [&hellip;]<\/p>\n","protected":false},"author":1,"featured_media":95363,"comment_status":"closed","ping_status":"closed","sticky":false,"template":"","format":"standard","meta":{"footnotes":""},"categories":[30,34],"tags":[],"class_list":["post-95362","post","type-post","status-publish","format-standard","has-post-thumbnail","hentry","category-destacado","category-nacional"],"_links":{"self":[{"href":"https:\/\/elinformante.mx\/index.php?rest_route=\/wp\/v2\/posts\/95362","targetHints":{"allow":["GET"]}}],"collection":[{"href":"https:\/\/elinformante.mx\/index.php?rest_route=\/wp\/v2\/posts"}],"about":[{"href":"https:\/\/elinformante.mx\/index.php?rest_route=\/wp\/v2\/types\/post"}],"author":[{"embeddable":true,"href":"https:\/\/elinformante.mx\/index.php?rest_route=\/wp\/v2\/users\/1"}],"replies":[{"embeddable":true,"href":"https:\/\/elinformante.mx\/index.php?rest_route=%2Fwp%2Fv2%2Fcomments&post=95362"}],"version-history":[{"count":0,"href":"https:\/\/elinformante.mx\/index.php?rest_route=\/wp\/v2\/posts\/95362\/revisions"}],"wp:featuredmedia":[{"embeddable":true,"href":"https:\/\/elinformante.mx\/index.php?rest_route=\/wp\/v2\/media\/95363"}],"wp:attachment":[{"href":"https:\/\/elinformante.mx\/index.php?rest_route=%2Fwp%2Fv2%2Fmedia&parent=95362"}],"wp:term":[{"taxonomy":"category","embeddable":true,"href":"https:\/\/elinformante.mx\/index.php?rest_route=%2Fwp%2Fv2%2Fcategories&post=95362"},{"taxonomy":"post_tag","embeddable":true,"href":"https:\/\/elinformante.mx\/index.php?rest_route=%2Fwp%2Fv2%2Ftags&post=95362"}],"curies":[{"name":"wp","href":"https:\/\/api.w.org\/{rel}","templated":true}]}}