{"id":95370,"date":"2025-11-03T07:58:19","date_gmt":"2025-11-03T13:58:19","guid":{"rendered":"https:\/\/elinformante.mx\/?p=95370"},"modified":"2025-11-03T07:58:34","modified_gmt":"2025-11-03T13:58:34","slug":"anuncia-ebrard-que-mexico-sera-sede-de-la-cumbre-apec-2028","status":"publish","type":"post","link":"https:\/\/elinformante.mx\/?p=95370","title":{"rendered":"Anuncia Ebrard que M\u00e9xico ser\u00e1 sede de la cumbre APEC 2028"},"content":{"rendered":"\n<figure class=\"wp-block-pullquote\"><blockquote><p>Este anuncio fue incluido en la Declaraci\u00f3n de Gyeongju, adoptada en Corea del Sur, y marca el regreso de M\u00e9xico como anfitri\u00f3n de la cumbre tras m\u00e1s de dos d\u00e9cadas.<\/p><\/blockquote><\/figure>\n\n\n\n<p class=\"has-drop-cap\">M\u00e9xico ser\u00e1 la sede la cumbre del foro de Cooperaci\u00f3n Econ\u00f3mica Asia-Pac\u00edfico (APEC) en 2028, anunci\u00f3 el secretario mexicano de Econom\u00eda, Marcelo Ebrard, al t\u00e9rmino de la reuni\u00f3n celebrada esta semana en la ciudad surcoreana de Gyeongju.<br><\/p>\n\n\n\n<p>\u201cNos llevamos la sede del 2028, M\u00e9xico ser\u00e1 la sede de APEC despu\u00e9s de muchos a\u00f1os. Esto nos va a permitir ser un puente entre las Am\u00e9ricas y Asia. Toda la cuenca del Pac\u00edfico estar\u00e1, en 2028, en M\u00e9xico\u201d, afirm\u00f3 Ebrard en un comunicado.<br><\/p>\n\n\n\n<p>El Foro de Cooperaci\u00f3n Econ\u00f3mica Asia Pac\u00edfico (APEC) congrega a veinti\u00fan econom\u00edas de dicha cuenca, entre ellas China y Estados Unidos, y en conjunto representan m\u00e1s del 60 % del PIB global y alrededor de la mitad del comercio orbital.<br><\/p>\n\n\n\n<p>Este anuncio fue incluido en la Declaraci\u00f3n de Gyeongju, adoptada en Corea del Sur, y marca el regreso de M\u00e9xico como anfitri\u00f3n de la cumbre tras m\u00e1s de dos d\u00e9cadas.<br><\/p>\n\n\n\n<p>Ebrard se\u00f1al\u00f3: \u201cEl hecho de que hayan votado a favor de que M\u00e9xico sea la sede en 2028 habla de la importancia que le otorgan a nuestro pa\u00eds\u201d,<br><\/p>\n\n\n\n<p>Destac\u00f3 el reconocimiento internacional hacia el Gobierno de la presidenta Claudia Sheinbaum, se\u00f1alando que pudo constatar que de los m\u00e1s de 20 l\u00edderes del mundo presentes, reconocen el como est\u00e1 manejando la relaci\u00f3n con los Estados Unidos, adem\u00e1s de los \u00e9xitos y avances logrados con el Plan M\u00e9xico.<br><\/p>\n\n\n\n<p>Durante su estancia en Corea del Sur, Ebrard sostuvo reuniones bilaterales con funcionarios de alto nivel del Gobierno estadounidense, entre ellos los secretarios de Comercio, Howard Lutnick; y del Tesoro, Scott Bessent, as\u00ed como con el representante comercial, Jamieson Greer.<br><\/p>\n\n\n\n<p>El funcionario explic\u00f3 que ambas partes trabajan en la eliminaci\u00f3n de irritantes comerciales de cara a la revisi\u00f3n del Tratado entre M\u00e9xico, Estados Unidos y Canad\u00e1 (T-MEC) prevista para 2026.<\/p>\n","protected":false},"excerpt":{"rendered":"<p>Este anuncio fue incluido en la Declaraci\u00f3n de Gyeongju, adoptada en Corea del Sur, y marca el regreso de M\u00e9xico como anfitri\u00f3n de la cumbre tras m\u00e1s de dos d\u00e9cadas. M\u00e9xico ser\u00e1 la sede la cumbre del foro de Cooperaci\u00f3n Econ\u00f3mica Asia-Pac\u00edfico (APEC) en 2028, anunci\u00f3 el secretario mexicano de Econom\u00eda, Marcelo Ebrard, al t\u00e9rmino [&hellip;]<\/p>\n","protected":false},"author":1,"featured_media":95373,"comment_status":"closed","ping_status":"closed","sticky":false,"template":"","format":"standard","meta":{"footnotes":""},"categories":[30,34,31],"tags":[],"class_list":["post-95370","post","type-post","status-publish","format-standard","has-post-thumbnail","hentry","category-destacado","category-nacional","category-portada"],"_links":{"self":[{"href":"https:\/\/elinformante.mx\/index.php?rest_route=\/wp\/v2\/posts\/95370","targetHints":{"allow":["GET"]}}],"collection":[{"href":"https:\/\/elinformante.mx\/index.php?rest_route=\/wp\/v2\/posts"}],"about":[{"href":"https:\/\/elinformante.mx\/index.php?rest_route=\/wp\/v2\/types\/post"}],"author":[{"embeddable":true,"href":"https:\/\/elinformante.mx\/index.php?rest_route=\/wp\/v2\/users\/1"}],"replies":[{"embeddable":true,"href":"https:\/\/elinformante.mx\/index.php?rest_route=%2Fwp%2Fv2%2Fcomments&post=95370"}],"version-history":[{"count":0,"href":"https:\/\/elinformante.mx\/index.php?rest_route=\/wp\/v2\/posts\/95370\/revisions"}],"wp:featuredmedia":[{"embeddable":true,"href":"https:\/\/elinformante.mx\/index.php?rest_route=\/wp\/v2\/media\/95373"}],"wp:attachment":[{"href":"https:\/\/elinformante.mx\/index.php?rest_route=%2Fwp%2Fv2%2Fmedia&parent=95370"}],"wp:term":[{"taxonomy":"category","embeddable":true,"href":"https:\/\/elinformante.mx\/index.php?rest_route=%2Fwp%2Fv2%2Fcategories&post=95370"},{"taxonomy":"post_tag","embeddable":true,"href":"https:\/\/elinformante.mx\/index.php?rest_route=%2Fwp%2Fv2%2Ftags&post=95370"}],"curies":[{"name":"wp","href":"https:\/\/api.w.org\/{rel}","templated":true}]}}