{"id":95388,"date":"2025-11-04T05:59:37","date_gmt":"2025-11-04T11:59:37","guid":{"rendered":"https:\/\/elinformante.mx\/?p=95388"},"modified":"2025-11-04T05:59:42","modified_gmt":"2025-11-04T11:59:42","slug":"salud-de-ariel-miramontes-albertano-genera-preocupacion","status":"publish","type":"post","link":"https:\/\/elinformante.mx\/?p=95388","title":{"rendered":"Salud de Ariel Miramontes \u201cAlbertano\u201d genera preocupaci\u00f3n"},"content":{"rendered":"\n<figure class=\"wp-block-pullquote\"><blockquote><p>Se\u00f1alan que es sus \u00faltimas apariciones ha tenido un extra\u00f1o comportamiento y nueva apariencia.<\/p><\/blockquote><\/figure>\n\n\n\n<p class=\"has-drop-cap\">El actor mexicano Ariel Miramontes \u201cAlbertano\u201d, que ahora se encuentra participando en diversos proyectos en televisi\u00f3n y teatro, se despidi\u00f3 hace unos d\u00edas de \u201cLagunilla mi barrio\u201d, luego de 3 a\u00f1os present\u00e1ndose ante miles de personas.<br><\/p>\n\n\n\n<p>Pero fue precisamente durante el final del proyecto, donde algunos medios increparon al artista sobre lo que sigue para su carrera y su sentir sobre una etapa m\u00e1s cerrada. Pero lo que llam\u00f3 la atenci\u00f3n fue su inusual actitud, as\u00ed como su apariencia f\u00edsica.<br><\/p>\n\n\n\n<p>Durante las \u00faltimas semanas su actitud ha generado preocupaci\u00f3n, luego de usuarios destacaran que en las \u00faltimas entrevistas que realiz\u00f3 se le ve totalmente cambiado. Entre los aspectos que han se\u00f1alado, se le puede ver con temblor en las manos, as\u00ed mismo, su forma de hablar, de manera pausada, caus\u00f3 conmoci\u00f3n.<br><\/p>\n\n\n\n<p>Actualmente funge como juez en el reality show de un programa matutino donde su manera de conducirse hacia los concursantes fue motivo de especulaci\u00f3n, pues afirman, sus cr\u00edticas son poco entendibles al mezclar ideas y no dar un veredicto claro para los famosos.<br><\/p>\n\n\n\n<p>Tambi\u00e9n su apariencia f\u00edsica, ha sido evidenciada, donde se\u00f1alan que presuntamente aparecer\u00eda hinchado tanto de su rostro, como de sus manos, as\u00ed como una aparente rojez en todo su cuerpo.<br><\/p>\n\n\n\n<p>Esto ha valido para que los usuarios de redes sociales comenzaran con rumores acerca de su actual estado, pues mientras algunos se\u00f1alan que puede deberse a un episodio de estr\u00e9s o depresi\u00f3n. Otros han mencionado que esto ser\u00eda una consecuencia de una grave enfermedad que pudiera estar sufriendo el actor.<br><\/p>\n\n\n\n<p>Hasta el momento, Ariel Miramontes \u2018Albertano\u2019 no ha revelado su actual estado de salud, as\u00ed como no ha respondido a los rumores sobre una enfermedad o posibles adicciones que mermen su salud.<\/p>\n","protected":false},"excerpt":{"rendered":"<p>Se\u00f1alan que es sus \u00faltimas apariciones ha tenido un extra\u00f1o comportamiento y nueva apariencia. El actor mexicano Ariel Miramontes \u201cAlbertano\u201d, que ahora se encuentra participando en diversos proyectos en televisi\u00f3n y teatro, se despidi\u00f3 hace unos d\u00edas de \u201cLagunilla mi barrio\u201d, luego de 3 a\u00f1os present\u00e1ndose ante miles de personas. Pero fue precisamente durante el [&hellip;]<\/p>\n","protected":false},"author":1,"featured_media":95393,"comment_status":"closed","ping_status":"closed","sticky":false,"template":"","format":"standard","meta":{"footnotes":""},"categories":[30,39],"tags":[],"class_list":["post-95388","post","type-post","status-publish","format-standard","has-post-thumbnail","hentry","category-destacado","category-espectaculos"],"_links":{"self":[{"href":"https:\/\/elinformante.mx\/index.php?rest_route=\/wp\/v2\/posts\/95388","targetHints":{"allow":["GET"]}}],"collection":[{"href":"https:\/\/elinformante.mx\/index.php?rest_route=\/wp\/v2\/posts"}],"about":[{"href":"https:\/\/elinformante.mx\/index.php?rest_route=\/wp\/v2\/types\/post"}],"author":[{"embeddable":true,"href":"https:\/\/elinformante.mx\/index.php?rest_route=\/wp\/v2\/users\/1"}],"replies":[{"embeddable":true,"href":"https:\/\/elinformante.mx\/index.php?rest_route=%2Fwp%2Fv2%2Fcomments&post=95388"}],"version-history":[{"count":0,"href":"https:\/\/elinformante.mx\/index.php?rest_route=\/wp\/v2\/posts\/95388\/revisions"}],"wp:featuredmedia":[{"embeddable":true,"href":"https:\/\/elinformante.mx\/index.php?rest_route=\/wp\/v2\/media\/95393"}],"wp:attachment":[{"href":"https:\/\/elinformante.mx\/index.php?rest_route=%2Fwp%2Fv2%2Fmedia&parent=95388"}],"wp:term":[{"taxonomy":"category","embeddable":true,"href":"https:\/\/elinformante.mx\/index.php?rest_route=%2Fwp%2Fv2%2Fcategories&post=95388"},{"taxonomy":"post_tag","embeddable":true,"href":"https:\/\/elinformante.mx\/index.php?rest_route=%2Fwp%2Fv2%2Ftags&post=95388"}],"curies":[{"name":"wp","href":"https:\/\/api.w.org\/{rel}","templated":true}]}}