{"id":95392,"date":"2025-11-04T06:03:45","date_gmt":"2025-11-04T12:03:45","guid":{"rendered":"https:\/\/elinformante.mx\/?p=95392"},"modified":"2025-11-04T06:03:58","modified_gmt":"2025-11-04T12:03:58","slug":"debuta-seleccion-mexicana-varonil-sub-17-en-mundial-qatar-2025","status":"publish","type":"post","link":"https:\/\/elinformante.mx\/?p=95392","title":{"rendered":"Debuta Selecci\u00f3n Mexicana Varonil Sub-17 en Mundial Qatar 2025"},"content":{"rendered":"\n<figure class=\"wp-block-pullquote\"><blockquote><p>Es fundamental para la Selecci\u00f3n Mexicana comenzar con el pie derecho en la competencia.<\/p><\/blockquote><\/figure>\n\n\n\n<p class=\"has-drop-cap\">La Selecci\u00f3n Mexicana Varonil Sub-17 tendr\u00e1 sus primeros minutos de actividad en la Copa Mundial de la categor\u00eda, la cual se celebra este 2025 en Qatar y con interesantes figuras juveniles a seguir.<br><\/p>\n\n\n\n<p>El tricolor busca emular lo hecho en los a\u00f1os 2005 y 2011, cuando alcanzaron la gloria. Ahora iniciar\u00e1n la primera Fase de Grupos ante su rival la selecci\u00f3n de Corea del Sur.<br><\/p>\n\n\n\n<p>El tricolor forma parte del Grupo F de la Copa Mundial Sub-17, donde tambi\u00e9n se encuentran los equipos de Costa de Marfil, Suiza y Corea del Sur. Tras conseguir el campeonato en el Premundial de la Concacaf, M\u00e9xico logr\u00f3 ubicarse entre las 48 selecciones que intentar\u00e1n conquistar la Copa Mundial este 2025 en Qatar.<br><\/p>\n\n\n\n<p>Ser\u00e1 hoy 4 de noviembre cuando debute la Selecci\u00f3n Sub-17 con un representativo grupo de talentosos j\u00f3venes que buscar\u00e1n regresar a la gloria al pa\u00eds, quien no ha logrado nombrarse como campe\u00f3n de la categor\u00eda desde el a\u00f1o 2011, edici\u00f3n donde fuimos anfitriones.<br><\/p>\n\n\n\n<p>M\u00e9xico contar\u00e1 con los siguientes convocados para perseguir el campeonato mundial en Qatar:<br><\/p>\n\n\n\n<p>Porteros: Abdon Turrubiates (Le\u00f3n), Mat\u00edas Vel\u00e1zquez (Santos Laguna) y Santiago L\u00f3pez (Toluca).<br><\/p>\n\n\n\n<p>Defensas: Jhonnatan Grajales (Chivas), Michael Corona (Le\u00f3n), Jos\u00e9 Navarro (Pachuca), Adri\u00e1n Villa (Pachuca), F\u00e9lix Contreras (Real Salt Lake) e Ian Olvera (Xolos).<br><\/p>\n\n\n\n<p>Mediocampistas: \u00cd\u00f1igo Borgio (CD Legan\u00e9s), Gael Garc\u00eda (Chivas), \u00d3scar Pineda (Chicago Fire SC), Kenneth Mart\u00ednez (FC Ju\u00e1rez), Alexander Hern\u00e1ndez (Le\u00f3n) y Jorge S\u00e1nchez (Rayados).<br><\/p>\n\n\n\n<p>Delanteros: Luis Gamboa (Atlas), Alex Guti\u00e9rrez (Cruz Azul), Jos\u00e9 Mancilla (Pumas), Aldo De Nigris (Rayados), M\u00e1ximo Reyes (Santos Laguna) y Lucca Vuoso (Santos Laguna).<br><\/p>\n\n\n\n<p>Es fundamental para la Selecci\u00f3n Mexicana comenzar con el pie derecho en la competencia, recordando que pueden clasificar a la siguiente ronda solo si se ubican entre los primeros dos lugares de grupo o como uno de los ocho mejores terceros.<br><\/p>\n\n\n\n<p>La Selecci\u00f3n Mexicana Sub-17 deber\u00e1 enfrentar su primera prueba del Mundial 2025 hoy 4 de noviembre en punto de las 07:00 horas (tiempo del centro de M\u00e9xico).<\/p>\n","protected":false},"excerpt":{"rendered":"<p>Es fundamental para la Selecci\u00f3n Mexicana comenzar con el pie derecho en la competencia. La Selecci\u00f3n Mexicana Varonil Sub-17 tendr\u00e1 sus primeros minutos de actividad en la Copa Mundial de la categor\u00eda, la cual se celebra este 2025 en Qatar y con interesantes figuras juveniles a seguir. El tricolor busca emular lo hecho en los [&hellip;]<\/p>\n","protected":false},"author":1,"featured_media":95395,"comment_status":"closed","ping_status":"closed","sticky":false,"template":"","format":"standard","meta":{"footnotes":""},"categories":[38],"tags":[],"class_list":["post-95392","post","type-post","status-publish","format-standard","has-post-thumbnail","hentry","category-deportes"],"_links":{"self":[{"href":"https:\/\/elinformante.mx\/index.php?rest_route=\/wp\/v2\/posts\/95392","targetHints":{"allow":["GET"]}}],"collection":[{"href":"https:\/\/elinformante.mx\/index.php?rest_route=\/wp\/v2\/posts"}],"about":[{"href":"https:\/\/elinformante.mx\/index.php?rest_route=\/wp\/v2\/types\/post"}],"author":[{"embeddable":true,"href":"https:\/\/elinformante.mx\/index.php?rest_route=\/wp\/v2\/users\/1"}],"replies":[{"embeddable":true,"href":"https:\/\/elinformante.mx\/index.php?rest_route=%2Fwp%2Fv2%2Fcomments&post=95392"}],"version-history":[{"count":0,"href":"https:\/\/elinformante.mx\/index.php?rest_route=\/wp\/v2\/posts\/95392\/revisions"}],"wp:featuredmedia":[{"embeddable":true,"href":"https:\/\/elinformante.mx\/index.php?rest_route=\/wp\/v2\/media\/95395"}],"wp:attachment":[{"href":"https:\/\/elinformante.mx\/index.php?rest_route=%2Fwp%2Fv2%2Fmedia&parent=95392"}],"wp:term":[{"taxonomy":"category","embeddable":true,"href":"https:\/\/elinformante.mx\/index.php?rest_route=%2Fwp%2Fv2%2Fcategories&post=95392"},{"taxonomy":"post_tag","embeddable":true,"href":"https:\/\/elinformante.mx\/index.php?rest_route=%2Fwp%2Fv2%2Ftags&post=95392"}],"curies":[{"name":"wp","href":"https:\/\/api.w.org\/{rel}","templated":true}]}}