{"id":95396,"date":"2025-11-04T06:07:18","date_gmt":"2025-11-04T12:07:18","guid":{"rendered":"https:\/\/elinformante.mx\/?p=95396"},"modified":"2025-11-04T06:07:28","modified_gmt":"2025-11-04T12:07:28","slug":"unidas-contigo-de-semujeres-impulsa-a-mujeres-mexiquenses-a-reconstruir-su-vida-y-recuperar-su-autonomia","status":"publish","type":"post","link":"https:\/\/elinformante.mx\/?p=95396","title":{"rendered":"UNIDAS Contigo, de Semujeres, impulsa a mujeres mexiquenses a reconstruir su vida y recuperar su autonom\u00eda"},"content":{"rendered":"\n<figure class=\"wp-block-pullquote\"><blockquote><p>-Con acompa\u00f1amiento psicol\u00f3gico, jur\u00eddico y social, recuperan a sus hijas e hijos, emprenden y rompen el ciclo de violencia.<\/p><\/blockquote><\/figure>\n\n\n\n<p class=\"has-drop-cap\">Gracias al apoyo UNIDAS Contigo del Gobierno del Estado de M\u00e9xico, a trav\u00e9s de la Secretar\u00eda de las Mujeres (SeMujeres), 1120 mujeres mexiquenses que radican en municipios con Alerta de Violencia de G\u00e9nero contin\u00faan reconstruyendo su proyecto de vida, con atenci\u00f3n integral que garantiza su acceso a la justicia y su autonom\u00eda.<br><\/p>\n\n\n\n<p>Mar\u00eda Esther Rodr\u00edguez Hern\u00e1ndez, titular de la SeMujeres, destac\u00f3 que este apoyo forma parte de la estrategia de la Gobernadora Delfina G\u00f3mez \u00c1lvarez para brindar acompa\u00f1amiento psicol\u00f3gico, jur\u00eddico y de trabajo social a mujeres en situaci\u00f3n de violencia.<br><\/p>\n\n\n\n<p>Usuarias de UNIDAS en Lerma y Naucalpan compartieron c\u00f3mo este acompa\u00f1amiento les ha permitido empezar de nuevo e incluso recuperar a sus hijas e hijos.<br><\/p>\n\n\n\n<p>Una beneficiaria de Lerma relat\u00f3: \u201cUNIDAS fue quien me abri\u00f3 las puertas. Pude recuperar a mi hijo, desde mayo del a\u00f1o pasado y agradezco todo el apoyo que me han brindado\u201d.<br><\/p>\n\n\n\n<p>En Naucalpan, una mujer expres\u00f3 que este apoyo ha transformado su vida: \u201cmi hija tiene un problema de lenguaje, est\u00e1 diagnosticada con un trastorno de lenguaje y voy a usar este apoyo para sus terapias, me han tratado s\u00faper bien en UNIDAS, todo su equipo es muy gentil, emp\u00e1tico, te apoya much\u00edsimo\u201d.<br><\/p>\n\n\n\n<p>UNIDAS Contigo otorga 9 mil pesos en tres pagos bimestrales de 3 mil, que permiten fortalecer la autonom\u00eda econ\u00f3mica y continuar el proceso de recuperaci\u00f3n emocional y legal.<br><\/p>\n\n\n\n<p>Con acciones firmes, el Gobierno del Estado de M\u00e9xico reafirma su compromiso de proteger a las mujeres, prevenir la violencia y garantizar vidas libres y seguras para todas.<\/p>\n","protected":false},"excerpt":{"rendered":"<p>-Con acompa\u00f1amiento psicol\u00f3gico, jur\u00eddico y social, recuperan a sus hijas e hijos, emprenden y rompen el ciclo de violencia. Gracias al apoyo UNIDAS Contigo del Gobierno del Estado de M\u00e9xico, a trav\u00e9s de la Secretar\u00eda de las Mujeres (SeMujeres), 1120 mujeres mexiquenses que radican en municipios con Alerta de Violencia de G\u00e9nero contin\u00faan reconstruyendo su [&hellip;]<\/p>\n","protected":false},"author":1,"featured_media":95399,"comment_status":"closed","ping_status":"closed","sticky":false,"template":"","format":"standard","meta":{"footnotes":""},"categories":[36],"tags":[],"class_list":["post-95396","post","type-post","status-publish","format-standard","has-post-thumbnail","hentry","category-edomex"],"_links":{"self":[{"href":"https:\/\/elinformante.mx\/index.php?rest_route=\/wp\/v2\/posts\/95396","targetHints":{"allow":["GET"]}}],"collection":[{"href":"https:\/\/elinformante.mx\/index.php?rest_route=\/wp\/v2\/posts"}],"about":[{"href":"https:\/\/elinformante.mx\/index.php?rest_route=\/wp\/v2\/types\/post"}],"author":[{"embeddable":true,"href":"https:\/\/elinformante.mx\/index.php?rest_route=\/wp\/v2\/users\/1"}],"replies":[{"embeddable":true,"href":"https:\/\/elinformante.mx\/index.php?rest_route=%2Fwp%2Fv2%2Fcomments&post=95396"}],"version-history":[{"count":0,"href":"https:\/\/elinformante.mx\/index.php?rest_route=\/wp\/v2\/posts\/95396\/revisions"}],"wp:featuredmedia":[{"embeddable":true,"href":"https:\/\/elinformante.mx\/index.php?rest_route=\/wp\/v2\/media\/95399"}],"wp:attachment":[{"href":"https:\/\/elinformante.mx\/index.php?rest_route=%2Fwp%2Fv2%2Fmedia&parent=95396"}],"wp:term":[{"taxonomy":"category","embeddable":true,"href":"https:\/\/elinformante.mx\/index.php?rest_route=%2Fwp%2Fv2%2Fcategories&post=95396"},{"taxonomy":"post_tag","embeddable":true,"href":"https:\/\/elinformante.mx\/index.php?rest_route=%2Fwp%2Fv2%2Ftags&post=95396"}],"curies":[{"name":"wp","href":"https:\/\/api.w.org\/{rel}","templated":true}]}}