{"id":95400,"date":"2025-11-04T06:10:53","date_gmt":"2025-11-04T12:10:53","guid":{"rendered":"https:\/\/elinformante.mx\/?p=95400"},"modified":"2025-11-04T06:11:51","modified_gmt":"2025-11-04T12:11:51","slug":"participa-en-la-presea-poder-judicial-del-estado-de-mexico-2026","status":"publish","type":"post","link":"https:\/\/elinformante.mx\/?p=95400","title":{"rendered":"Participa en la Presea \u201cPoder Judicial del Estado de M\u00e9xico 2026&#8243;"},"content":{"rendered":"\n<figure class=\"wp-block-pullquote\"><blockquote><p>-El galard\u00f3n cuenta con 10 categor\u00edas que llevan los nombres de los fundadores del Tribunal mexiquense y de mujeres excepcionales.<\/p><\/blockquote><\/figure>\n\n\n\n<p class=\"has-drop-cap\">Para reconocer la trayectoria de personas que han destacado en la impartici\u00f3n, promoci\u00f3n, protecci\u00f3n, garant\u00eda y respeto de la justicia y del Estado Constitucional y Democr\u00e1tico de Derecho en cualquiera de sus manifestaciones, el Tribunal Superior de Justicia de la entidad entregar\u00e1 la Presea \u201cPoder Judicial del Estado de M\u00e9xico\u201d en su edici\u00f3n 2026.<br><\/p>\n\n\n\n<p>El PJEdom\u00e9x, por conducto del Pleno del Tribunal Superior de Justicia del Estado de M\u00e9xico, convoca a participar en su m\u00e1ximo galard\u00f3n, cuyas bases, requisitos y documentos que deber\u00e1n reunir los aspirantes pueden consultarse en www.pjedomex.gob.mx.<br><\/p>\n\n\n\n<p>Las candidaturas se registrar\u00e1n en l\u00ednea o de manera presencial con el personal que se encuentra en el acceso de los edificios judiciales, identificados con chalecos distintivos de color azul claro, quienes proporcionar\u00e1n la ficha de registro en formato f\u00edsico, y las remitir\u00e1n a la Secretar\u00eda de Acuerdos del Pleno del Tribunal.<br><\/p>\n\n\n\n<p>Algunos de los requisitos para participar son: nombre completo de la o el candidato, domicilio particular, n\u00famero telef\u00f3nico fijo y m\u00f3vil, correo electr\u00f3nico, lugar y fecha de nacimiento, S\u00edntesis Curricular en la que se incluyan cargos desempe\u00f1ados, actividad docente, publicaciones, relaci\u00f3n de m\u00e9ritos, reconocimientos, logros y resultados relevantes con motivo de acciones, actividades, obras, trayectoria y nombre de la categor\u00eda de Presea para la que se postula la candidatura.<br><\/p>\n\n\n\n<p>La Presea \u201cPoder Judicial del Estado de M\u00e9xico\u201d -cuyo registro de candidaturas se cerrar\u00e1 el 13 de febrero de 2026- cuenta con 10 categor\u00edas que llevan los nombres de los fundadores del Tribunal mexiquense y de mujeres que con sus obras y acciones dejaron una huella importante en la entidad.<br><\/p>\n\n\n\n<p>Presea al M\u00e9rito en la Virtud Judicativa \u201cJacobo Villaurrutia L\u00f3pez y Osorio\u201d, en Defensa de los Derechos Humanos \u201cJuan Jos\u00e9 Flores Alatorre\u201d, en Derecho Constitucional \u201cJos\u00e9 Domingo Rus\u201d, en Derecho Laboral \u201cTom\u00e1s Salgado\u201d y en Derecho de Familia \u201cFrancisco Nava\u201d.<br><\/p>\n\n\n\n<p>Al M\u00e9rito en Derecho Penal \u201cIgnacio Alva\u201d, en Derecho Mercantil \u201cRita Raquel Salgado Tenorio\u201d, en Justicia Restaurativa \u201cMar\u00eda Guadalupe Alcal\u00e1 Gonz\u00e1lez\u201d, en Derecho Civil \u201cAlbertina Ezeta Uribe\u201d y en Justicia Intercultural \u201cAndr\u00e9s Molina Enr\u00edquez\u201d, recientemente modificada a fin de reconocer los m\u00e9ritos en la promoci\u00f3n y consolidaci\u00f3n de la justicia intercultural, valor esencial para la construcci\u00f3n de una sociedad diversa, equitativa e incluyente.<br><\/p>\n\n\n\n<p>La Presea se entregar\u00e1 en sesi\u00f3n p\u00fablica y solemne del Pleno del Tribunal Superior de Justicia por conducto del Magistrado Presidente, en el marco del aniversario de la instalaci\u00f3n del Poder Judicial del Estado de M\u00e9xico, el 28 de marzo de 2026.<\/p>\n","protected":false},"excerpt":{"rendered":"<p>-El galard\u00f3n cuenta con 10 categor\u00edas que llevan los nombres de los fundadores del Tribunal mexiquense y de mujeres excepcionales. Para reconocer la trayectoria de personas que han destacado en la impartici\u00f3n, promoci\u00f3n, protecci\u00f3n, garant\u00eda y respeto de la justicia y del Estado Constitucional y Democr\u00e1tico de Derecho en cualquiera de sus manifestaciones, el Tribunal [&hellip;]<\/p>\n","protected":false},"author":1,"featured_media":95404,"comment_status":"closed","ping_status":"closed","sticky":false,"template":"","format":"standard","meta":{"footnotes":""},"categories":[36],"tags":[],"class_list":["post-95400","post","type-post","status-publish","format-standard","has-post-thumbnail","hentry","category-edomex"],"_links":{"self":[{"href":"https:\/\/elinformante.mx\/index.php?rest_route=\/wp\/v2\/posts\/95400","targetHints":{"allow":["GET"]}}],"collection":[{"href":"https:\/\/elinformante.mx\/index.php?rest_route=\/wp\/v2\/posts"}],"about":[{"href":"https:\/\/elinformante.mx\/index.php?rest_route=\/wp\/v2\/types\/post"}],"author":[{"embeddable":true,"href":"https:\/\/elinformante.mx\/index.php?rest_route=\/wp\/v2\/users\/1"}],"replies":[{"embeddable":true,"href":"https:\/\/elinformante.mx\/index.php?rest_route=%2Fwp%2Fv2%2Fcomments&post=95400"}],"version-history":[{"count":0,"href":"https:\/\/elinformante.mx\/index.php?rest_route=\/wp\/v2\/posts\/95400\/revisions"}],"wp:featuredmedia":[{"embeddable":true,"href":"https:\/\/elinformante.mx\/index.php?rest_route=\/wp\/v2\/media\/95404"}],"wp:attachment":[{"href":"https:\/\/elinformante.mx\/index.php?rest_route=%2Fwp%2Fv2%2Fmedia&parent=95400"}],"wp:term":[{"taxonomy":"category","embeddable":true,"href":"https:\/\/elinformante.mx\/index.php?rest_route=%2Fwp%2Fv2%2Fcategories&post=95400"},{"taxonomy":"post_tag","embeddable":true,"href":"https:\/\/elinformante.mx\/index.php?rest_route=%2Fwp%2Fv2%2Ftags&post=95400"}],"curies":[{"name":"wp","href":"https:\/\/api.w.org\/{rel}","templated":true}]}}