{"id":95409,"date":"2025-11-04T06:28:20","date_gmt":"2025-11-04T12:28:20","guid":{"rendered":"https:\/\/elinformante.mx\/?p=95409"},"modified":"2025-11-04T06:28:39","modified_gmt":"2025-11-04T12:28:39","slug":"promueve-el-ieem-espacio-para-analizar-masculinidades-y-su-impacto-en-la-vida-publica","status":"publish","type":"post","link":"https:\/\/elinformante.mx\/?p=95409","title":{"rendered":"Promueve el IEEM espacio para analizar masculinidades y su impacto en la vida p\u00fablica"},"content":{"rendered":"\n<figure class=\"wp-block-pullquote\"><blockquote><p>-La capacitaci\u00f3n fue impartida por Antonio C\u00edntora, consultor especialista en g\u00e9nero y derechos humanos.<\/p><\/blockquote><\/figure>\n\n\n\n<p class=\"has-drop-cap\">A trav\u00e9s del curso Masculinidad y cambio social: retos para los modelos pol\u00edticos contempor\u00e1neos, el Instituto Electoral del Estado de M\u00e9xico (IEEM) gener\u00f3 un espacio de di\u00e1logo y an\u00e1lisis para reflexionar sobre c\u00f3mo los cambios sociales y culturales contempor\u00e1neos est\u00e1n redefiniendo las masculinidades y planteando nuevos retos para los modelos pol\u00edticos actuales.<br><\/p>\n\n\n\n<p>La capacitaci\u00f3n fue impartida por Antonio C\u00edntora, consultor especialista en g\u00e9nero y derechos humanos, en el que participaron 61 personas servidoras p\u00fablicas electorales, as\u00ed como p\u00fablico en general.<br><\/p>\n\n\n\n<p>Antonio C\u00edntora explic\u00f3 que las masculinidades no son algo \u201cnatural\u201d, sino que se aprenden y cambian con el tiempo dependiendo de la cultura y la historia.<br><\/p>\n\n\n\n<p>Se\u00f1al\u00f3 que las personas, sin importar su profesi\u00f3n, viven y aprenden roles de g\u00e9nero a lo largo de su vida, y que estos han colocado tradicionalmente a lo masculino en una posici\u00f3n de ventaja frente a lo femenino, generando desigualdades.<br><\/p>\n\n\n\n<p>Record\u00f3 que, aunque la igualdad est\u00e1 reconocida en la Constituci\u00f3n desde hace m\u00e1s de cien a\u00f1os, a\u00fan no se vive plenamente.<br><\/p>\n\n\n\n<p>Destac\u00f3 que las transformaciones sociales y culturales actuales est\u00e1n replanteando la manera en que se entienden las masculinidades y su efecto directo en los modelos pol\u00edticos actuales.<br><\/p>\n\n\n\n<p>Se\u00f1al\u00f3 que la pol\u00edtica no solo se construye con experiencia y conocimientos t\u00e9cnicos, sino tambi\u00e9n a partir de las vivencias, valores e ideas que cada persona ha aprendido en torno al g\u00e9nero.<br><\/p>\n\n\n\n<p>Puntualiz\u00f3 que los sistemas democr\u00e1ticos modernos heredaron estructuras hist\u00f3ricas donde se privilegiaba una forma de pensar y de ejercer poder, lo que excluy\u00f3 a diversos grupos, como mujeres y personas de la comunidad LGTTTIQ+. Por ello, comprender y transformar las ideas y pr\u00e1cticas relacionadas con la masculinidad es clave para avanzar hacia modelos pol\u00edticos m\u00e1s inclusivos, capaces de reconocer la diversidad y reducir desigualdades.<br><\/p>\n\n\n\n<p>C\u00edntora enfatiz\u00f3 que la construcci\u00f3n de relaciones m\u00e1s justas, tanto en lo p\u00fablico como en lo privado, es un paso para fortalecer la democracia y promover una convivencia social basada en el respeto y la igualdad.<br><\/p>\n\n\n\n<p>Finalmente, habl\u00f3 sobre las tres formas de violencia relacionadas con las masculinidades: la simb\u00f3lica, que se expresa en palabras y actitudes que mantienen estereotipos; la estructural, que se reproduce en instituciones como la familia, la escuela o el estado; y la directa, que incluye agresiones f\u00edsicas y verbales. Subray\u00f3 que estas se conectan entre s\u00ed y refuerzan modelos masculinos basados en la dominaci\u00f3n, por lo que es fundamental reconocerlas para construir una sociedad m\u00e1s igualitaria.<\/p>\n","protected":false},"excerpt":{"rendered":"<p>-La capacitaci\u00f3n fue impartida por Antonio C\u00edntora, consultor especialista en g\u00e9nero y derechos humanos. A trav\u00e9s del curso Masculinidad y cambio social: retos para los modelos pol\u00edticos contempor\u00e1neos, el Instituto Electoral del Estado de M\u00e9xico (IEEM) gener\u00f3 un espacio de di\u00e1logo y an\u00e1lisis para reflexionar sobre c\u00f3mo los cambios sociales y culturales contempor\u00e1neos est\u00e1n redefiniendo [&hellip;]<\/p>\n","protected":false},"author":1,"featured_media":95412,"comment_status":"closed","ping_status":"closed","sticky":false,"template":"","format":"standard","meta":{"footnotes":""},"categories":[36],"tags":[],"class_list":["post-95409","post","type-post","status-publish","format-standard","has-post-thumbnail","hentry","category-edomex"],"_links":{"self":[{"href":"https:\/\/elinformante.mx\/index.php?rest_route=\/wp\/v2\/posts\/95409","targetHints":{"allow":["GET"]}}],"collection":[{"href":"https:\/\/elinformante.mx\/index.php?rest_route=\/wp\/v2\/posts"}],"about":[{"href":"https:\/\/elinformante.mx\/index.php?rest_route=\/wp\/v2\/types\/post"}],"author":[{"embeddable":true,"href":"https:\/\/elinformante.mx\/index.php?rest_route=\/wp\/v2\/users\/1"}],"replies":[{"embeddable":true,"href":"https:\/\/elinformante.mx\/index.php?rest_route=%2Fwp%2Fv2%2Fcomments&post=95409"}],"version-history":[{"count":0,"href":"https:\/\/elinformante.mx\/index.php?rest_route=\/wp\/v2\/posts\/95409\/revisions"}],"wp:featuredmedia":[{"embeddable":true,"href":"https:\/\/elinformante.mx\/index.php?rest_route=\/wp\/v2\/media\/95412"}],"wp:attachment":[{"href":"https:\/\/elinformante.mx\/index.php?rest_route=%2Fwp%2Fv2%2Fmedia&parent=95409"}],"wp:term":[{"taxonomy":"category","embeddable":true,"href":"https:\/\/elinformante.mx\/index.php?rest_route=%2Fwp%2Fv2%2Fcategories&post=95409"},{"taxonomy":"post_tag","embeddable":true,"href":"https:\/\/elinformante.mx\/index.php?rest_route=%2Fwp%2Fv2%2Ftags&post=95409"}],"curies":[{"name":"wp","href":"https:\/\/api.w.org\/{rel}","templated":true}]}}