{"id":95421,"date":"2025-11-04T07:01:05","date_gmt":"2025-11-04T13:01:05","guid":{"rendered":"https:\/\/elinformante.mx\/?p=95421"},"modified":"2025-11-04T07:01:08","modified_gmt":"2025-11-04T13:01:08","slug":"participo-delegacion-de-artistas-colombianos-en-el-dia-de-muertos-de-la-alcaldia-benito-juarez","status":"publish","type":"post","link":"https:\/\/elinformante.mx\/?p=95421","title":{"rendered":"Particip\u00f3 delegaci\u00f3n de artistas colombianos en el D\u00eda de Muertos de la Alcald\u00eda Benito Ju\u00e1rez"},"content":{"rendered":"\n<figure class=\"wp-block-pullquote\"><blockquote><p>Las manualidades realizadas bilateralmente fueron presentadas por medio de una ofrenda en el Pante\u00f3n de Xoco, que combinaba tradiciones y personajes representativos de ambas naciones.<\/p><\/blockquote><\/figure>\n\n\n\n<p class=\"has-drop-cap\">En el marco del D\u00eda de Muertos, se cont\u00f3 con una delegaci\u00f3n de artistas colombianos de la Alcald\u00eda Bello que, por medio de un programa de movilidad internacional del Instituto de Cultura y Patrimonio de Antioquia, Colombia, llevaron a cabo el proyecto \u201cAltares Migrantes: exvotos visuales para no olvidar\u201d con la realizaci\u00f3n de talleres de manualidades para la ciudadan\u00eda y la exhibici\u00f3n de sus obras condecoradas en el Centro de Cultura Moderna.<br><\/p>\n\n\n\n<p>Asimismo, las manualidades realizadas bilateralmente fueron presentadas por medio de una ofrenda en el Pante\u00f3n de Xoco, que combinaba tradiciones y personajes representativos de ambas naciones.<br><\/p>\n\n\n\n<p>Dicho proyecto refleja el hermanamiento entre ambas alcald\u00edas, Benito Ju\u00e1rez y Bello, adem\u00e1s del flujo migrante, que, de acuerdo al INEGI, en los \u00faltimos cinco a\u00f1os han llegado 1.04k personas colombianas a esta localidad, igualmente, se muestra la influencia cultural de figuras como Gabriel Garc\u00eda M\u00e1rquez.<br><\/p>\n\n\n\n<p>Los miembros de la delegaci\u00f3n expresaron que estuvieron: \u201cinspiradas en la tradici\u00f3n mexicana del exvoto como ofrenda, agradecimiento o testimonio, en que proponen una reinterpretaci\u00f3n contempor\u00e1nea: los exvotos visuales como piezas gr\u00e1ficas y simb\u00f3licas que cuentan historias de tr\u00e1nsito, arraigo y transformaci\u00f3n.<br><\/p>\n\n\n\n<p>A trav\u00e9s de talleres de creaci\u00f3n, la comunidad migrante y local elaboraron maletas simb\u00f3licas, cartograf\u00edas afectivas y ofrendas visuales que se integran en una gran instalaci\u00f3n colectiva: un altar ef\u00edmero en el espacio p\u00fablico como acto de memoria y reparaci\u00f3n simb\u00f3lica\u201d.<br><\/p>\n\n\n\n<p>Dicha delegaci\u00f3n estuvo compuesta de las siguientes artistas: Laura Ruiz, Diana Giraldo, Jessica S\u00e1nchez, Sindy Mazo y Carolina Rend\u00f3n.<br><\/p>\n\n\n\n<p>Dicho estrechamiento de lazos de amistad es una prioridad en seguimiento de la Coordinaci\u00f3n de Vinculaci\u00f3n Internacional de la Alcald\u00eda Benito Ju\u00e1rez.<\/p>\n","protected":false},"excerpt":{"rendered":"<p>Las manualidades realizadas bilateralmente fueron presentadas por medio de una ofrenda en el Pante\u00f3n de Xoco, que combinaba tradiciones y personajes representativos de ambas naciones. En el marco del D\u00eda de Muertos, se cont\u00f3 con una delegaci\u00f3n de artistas colombianos de la Alcald\u00eda Bello que, por medio de un programa de movilidad internacional del Instituto [&hellip;]<\/p>\n","protected":false},"author":1,"featured_media":95431,"comment_status":"closed","ping_status":"closed","sticky":false,"template":"","format":"standard","meta":{"footnotes":""},"categories":[35],"tags":[],"class_list":["post-95421","post","type-post","status-publish","format-standard","has-post-thumbnail","hentry","category-cdmx"],"_links":{"self":[{"href":"https:\/\/elinformante.mx\/index.php?rest_route=\/wp\/v2\/posts\/95421","targetHints":{"allow":["GET"]}}],"collection":[{"href":"https:\/\/elinformante.mx\/index.php?rest_route=\/wp\/v2\/posts"}],"about":[{"href":"https:\/\/elinformante.mx\/index.php?rest_route=\/wp\/v2\/types\/post"}],"author":[{"embeddable":true,"href":"https:\/\/elinformante.mx\/index.php?rest_route=\/wp\/v2\/users\/1"}],"replies":[{"embeddable":true,"href":"https:\/\/elinformante.mx\/index.php?rest_route=%2Fwp%2Fv2%2Fcomments&post=95421"}],"version-history":[{"count":0,"href":"https:\/\/elinformante.mx\/index.php?rest_route=\/wp\/v2\/posts\/95421\/revisions"}],"wp:featuredmedia":[{"embeddable":true,"href":"https:\/\/elinformante.mx\/index.php?rest_route=\/wp\/v2\/media\/95431"}],"wp:attachment":[{"href":"https:\/\/elinformante.mx\/index.php?rest_route=%2Fwp%2Fv2%2Fmedia&parent=95421"}],"wp:term":[{"taxonomy":"category","embeddable":true,"href":"https:\/\/elinformante.mx\/index.php?rest_route=%2Fwp%2Fv2%2Fcategories&post=95421"},{"taxonomy":"post_tag","embeddable":true,"href":"https:\/\/elinformante.mx\/index.php?rest_route=%2Fwp%2Fv2%2Ftags&post=95421"}],"curies":[{"name":"wp","href":"https:\/\/api.w.org\/{rel}","templated":true}]}}