{"id":95432,"date":"2025-11-04T07:04:19","date_gmt":"2025-11-04T13:04:19","guid":{"rendered":"https:\/\/elinformante.mx\/?p=95432"},"modified":"2025-11-04T07:04:23","modified_gmt":"2025-11-04T13:04:23","slug":"7-5-millones-de-personas-disfrutaron-de-las-celebraciones-de-dia-de-muertos-de-cdmx","status":"publish","type":"post","link":"https:\/\/elinformante.mx\/?p=95432","title":{"rendered":"7.5 millones de personas disfrutaron de las celebraciones de D\u00eda de Muertos de CDMX"},"content":{"rendered":"\n<figure class=\"wp-block-pullquote\"><blockquote><p>-La Procesi\u00f3n de Catrinas y el Desfile de D\u00eda de Muertos reunieron a m\u00e1s de 2 millones 650 mil personas sobre Paseo de la Reforma<\/p><\/blockquote><\/figure>\n\n\n\n<p class=\"has-drop-cap\">El Gobierno de la Ciudad de M\u00e9xico organiz\u00f3 un gran n\u00famero de actividades para celebrar el D\u00eda de Muertos en distintos puntos de la capital, en las cuales 7 millones 500 mil personas, entre habitantes locales y visitantes nacionales e internacionales, fueron part\u00edcipes en la conmemoraci\u00f3n de esta tradici\u00f3n.<br><\/p>\n\n\n\n<p>En la plancha del Z\u00f3calo, en el coraz\u00f3n de la capital, se instal\u00f3 la Ofrenda Monumental de D\u00eda de Muertos, la cual congreg\u00f3 a un mill\u00f3n 500 mil asistentes entre el 25 de octubre y el 2 de noviembre; familias y grupos de amigos acudieron para tomarse fotos coloridas entre flores de cempas\u00fachil y las grandes figuras, una de las m\u00e1s aclamadas fue la del xoloitzcuintle.<br><\/p>\n\n\n\n<p>Sobre avenida Paseo de la Reforma tuvo lugar, el 26 de octubre, la ya tradicional Procesi\u00f3n de las Catrinas, a la cual se dieron cita m\u00e1s de un mill\u00f3n 200 mil personas; mientras que el Gran Desfile de D\u00eda de Muertos 2025 reuni\u00f3 a un mill\u00f3n 450 mil asistentes el s\u00e1bado primero de noviembre, a lo largo de su recorrido, que se inici\u00f3 a las 14:00 horas en la Puerta de los Leones, en Chapultepec, hasta llegar a las inmediaciones del Z\u00f3calo.<br><\/p>\n\n\n\n<p>Durante el fin de semana, m\u00e1s de 120 mil personas participaron en la Marcha Zombi, que recorri\u00f3 las principales avenidas del Centro Hist\u00f3rico en un ambiente familiar y de convivencia. De igual forma, el Paseo Nocturno Noche de Muertos reuni\u00f3 a 190 mil ciclistas, patinadores y peatones, quienes disfrutaron de una ciudad iluminada con ofrendas, disfraces y m\u00fasica que celebraron la vida y las tradiciones mexicanas.<br><\/p>\n\n\n\n<p>El programa Territorios de Paz e Igualdad congreg\u00f3 a 35 mil participantes en diversas jornadas de arte, deporte y reflexi\u00f3n sobre la no violencia en espacios p\u00fablicos. Estos puntos se transformaron en espacios de encuentro donde la ciudadan\u00eda pudo disfrutar de desfiles, procesiones, conciertos, funciones de cine, tertulias, exposiciones, ofrendas, catrinas, calaveritas, talleres, pintacaritas, concursos, clases de baile aer\u00f3bico, manualidades y tradiciones vivas para celebrar la vida y la memoria colectiva.<br><\/p>\n\n\n\n<p>Asimismo, miles de familias disfrutaron de las seis Ofrendas Monumentales instaladas en espacios p\u00fablicos de las alcald\u00edas Xochimilco, Iztapalapa, Azcapotzalco, Gustavo A. Madero, Cuauht\u00e9moc y Tl\u00e1huac.<br><\/p>\n\n\n\n<p>Adem\u00e1s, el festival \u201cMe muero por bailar\u201d reuni\u00f3 a m\u00e1s de 5 mil personas, quienes participaron en clases, presentaciones y exhibiciones de danza que promovieron la expresi\u00f3n art\u00edstica y el bienestar colectivo; adem\u00e1s, las y los asistentes pudieron maquillarse de manera gratuita de catrinas y catrines.<br><\/p>\n\n\n\n<p>Sobre Paseo de la Reforma se realiz\u00f3 la Feria de Cempas\u00fachil, que alcanz\u00f3 una afluencia de m\u00e1s de 317 mil personas y gener\u00f3 una venta de 5.96 millones de ejemplares y una derrama econ\u00f3mica estimada de 101.7 millones de pesos para 460 familias rurales de las alcald\u00edas Xochimilco, Tl\u00e1huac y Milpa Alta.<br><\/p>\n\n\n\n<p>Tambi\u00e9n sobre Paseo de la Reforma se llev\u00f3 a cabo el colorido Festival de las Luces, instalado del 17 al 29 de octubre, el cual logr\u00f3 una afluencia de 2 millones 500 mil personas a lo largo de sus casi dos semanas de exposici\u00f3n.<\/p>\n","protected":false},"excerpt":{"rendered":"<p>-La Procesi\u00f3n de Catrinas y el Desfile de D\u00eda de Muertos reunieron a m\u00e1s de 2 millones 650 mil personas sobre Paseo de la Reforma El Gobierno de la Ciudad de M\u00e9xico organiz\u00f3 un gran n\u00famero de actividades para celebrar el D\u00eda de Muertos en distintos puntos de la capital, en las cuales 7 millones [&hellip;]<\/p>\n","protected":false},"author":1,"featured_media":95436,"comment_status":"closed","ping_status":"closed","sticky":false,"template":"","format":"standard","meta":{"footnotes":""},"categories":[35],"tags":[],"class_list":["post-95432","post","type-post","status-publish","format-standard","has-post-thumbnail","hentry","category-cdmx"],"_links":{"self":[{"href":"https:\/\/elinformante.mx\/index.php?rest_route=\/wp\/v2\/posts\/95432","targetHints":{"allow":["GET"]}}],"collection":[{"href":"https:\/\/elinformante.mx\/index.php?rest_route=\/wp\/v2\/posts"}],"about":[{"href":"https:\/\/elinformante.mx\/index.php?rest_route=\/wp\/v2\/types\/post"}],"author":[{"embeddable":true,"href":"https:\/\/elinformante.mx\/index.php?rest_route=\/wp\/v2\/users\/1"}],"replies":[{"embeddable":true,"href":"https:\/\/elinformante.mx\/index.php?rest_route=%2Fwp%2Fv2%2Fcomments&post=95432"}],"version-history":[{"count":0,"href":"https:\/\/elinformante.mx\/index.php?rest_route=\/wp\/v2\/posts\/95432\/revisions"}],"wp:featuredmedia":[{"embeddable":true,"href":"https:\/\/elinformante.mx\/index.php?rest_route=\/wp\/v2\/media\/95436"}],"wp:attachment":[{"href":"https:\/\/elinformante.mx\/index.php?rest_route=%2Fwp%2Fv2%2Fmedia&parent=95432"}],"wp:term":[{"taxonomy":"category","embeddable":true,"href":"https:\/\/elinformante.mx\/index.php?rest_route=%2Fwp%2Fv2%2Fcategories&post=95432"},{"taxonomy":"post_tag","embeddable":true,"href":"https:\/\/elinformante.mx\/index.php?rest_route=%2Fwp%2Fv2%2Ftags&post=95432"}],"curies":[{"name":"wp","href":"https:\/\/api.w.org\/{rel}","templated":true}]}}