{"id":95445,"date":"2025-11-04T07:20:18","date_gmt":"2025-11-04T13:20:18","guid":{"rendered":"https:\/\/elinformante.mx\/?p=95445"},"modified":"2025-11-04T07:20:21","modified_gmt":"2025-11-04T13:20:21","slug":"no-tendremos-otra-guerra-contra-el-narco-no-es-la-solucion-sheinbaum","status":"publish","type":"post","link":"https:\/\/elinformante.mx\/?p=95445","title":{"rendered":"\u201cNo tendremos otra guerra contra el narco, no es la soluci\u00f3n\u201d: Sheinbaum"},"content":{"rendered":"\n<figure class=\"wp-block-pullquote\"><blockquote><p>-As\u00ed respondi\u00f3 la presidenta Claudia Sheinbaum a los cuestionamientos tras el homicidio del alcalde de Uruapan.<\/p><\/blockquote><\/figure>\n\n\n\n<p class=\"has-drop-cap\">La presidenta Claudia Sheinbaum inform\u00f3 durante La ma\u00f1anera la situaci\u00f3n que ocurre alrededor del asesinato de Carlos Manzo, alcalde de Uruapan, Michoac\u00e1n, ocurrido el fin de semana.<br><\/p>\n\n\n\n<p>Sheinbaum centr\u00f3 su mensaje en la situaci\u00f3n de violencia en Michoac\u00e1n y en las cr\u00edticas que surgieron tras el homicidio del edil.<br><\/p>\n\n\n\n<p>\u201cLa fuerza del Estado es la justicia. Hay quien pide la militarizaci\u00f3n y la guerra, pero eso no funcion\u00f3. Es m\u00e1s, fue lo que llev\u00f3 a la situaci\u00f3n de violencia en Michoac\u00e1n. No habr\u00e1 otra guerra contra el narco\u201d, asever\u00f3 la mandataria.<br><\/p>\n\n\n\n<p>Asegur\u00f3 que su gobierno reforzar\u00e1 la estrategia de seguridad con atenci\u00f3n a las causas de la violencia, pero sin recurrir a la intervenci\u00f3n militar ni al autoritarismo.<br><\/p>\n\n\n\n<p>\u201cEs una andanada de la derecha, de coment\u00f3cratas y conductores, de due\u00f1os, porque en ning\u00fan momento escuch\u00e9 una condolencia a la familia, pero eso s\u00ed, como buitres\u201d, expres\u00f3, al tiempo que reiter\u00f3 su solidaridad con las v\u00edctimas y habitantes de Michoac\u00e1n.<br><\/p>\n\n\n\n<p>La presidenta tambi\u00e9n conden\u00f3 los hechos violentos ocurridos durante las protestas posteriores al asesinato del alcalde. Durante la protesta, cientos de manifestantes irrumpieron en el Palacio de Gobierno de Michoac\u00e1n con la consigna \u201cY sigue la casa de Ram\u00edrez Bedolla\u201d, en referencia al gobernador del estado.<br><\/p>\n\n\n\n<figure class=\"wp-block-image size-large\"><img fetchpriority=\"high\" decoding=\"async\" width=\"1024\" height=\"506\" src=\"https:\/\/elinformante.mx\/wp-content\/uploads\/2025\/11\/3claudia-1-1024x506.jpg\" alt=\"\" class=\"wp-image-95447\" srcset=\"https:\/\/elinformante.mx\/wp-content\/uploads\/2025\/11\/3claudia-1-1024x506.jpg 1024w, https:\/\/elinformante.mx\/wp-content\/uploads\/2025\/11\/3claudia-1-300x148.jpg 300w, https:\/\/elinformante.mx\/wp-content\/uploads\/2025\/11\/3claudia-1-768x379.jpg 768w, https:\/\/elinformante.mx\/wp-content\/uploads\/2025\/11\/3claudia-1.jpg 1140w\" sizes=\"(max-width: 1024px) 100vw, 1024px\" \/><figcaption class=\"wp-element-caption\">Cuauht\u00e9moc, Ciudad de M\u00e9xico. 3 de noviembre 2025. La presidenta constitucional de los Estados Unidos Mexicanos, la Doctora Claudia Sheinbaum Pardo en conferencia de prensa matutina en el sal\u00f3n de la Tesorer\u00eda de Palacio Nacional. La acompa\u00f1an: Omar Garc\u00eda Harfuch, secretario de Seguridad y Protecci\u00f3n Ciudadana; Ricardo Trevilla Trejo, secretario de la Defensa Nacional;  Raymundo Pedro Morales, secretario de Marina; Hern\u00e1n Cort\u00e9s Hern\u00e1ndez, comandante de la Guardia Nacional; Iv\u00e1n Escalante, Procurador Federal del Consumidor (Profeco); Zo\u00e9 Alejandro Robledo Aburto, director general del Instituto Mexicano del Seguro Social. Foto: Sa\u00fal L\u00f3pez Escorcia\/Presidencia<\/figcaption><\/figure>\n\n\n\n<p>Sheinbaum inform\u00f3 que su gobierno brindar\u00e1 seguridad a la familia de Carlos Manzo: \u201cHabl\u00e9 con la esposa y con el hermano. Es un tema con ellos y siempre lo voy a hacer, siempre he buscado estar cerca de las v\u00edctimas\u201d, coment\u00f3.<br><\/p>\n\n\n\n<p>Sheinbaum pidi\u00f3 a la secretaria de Gobernaci\u00f3n, Rosa Icela Rodr\u00edguez, que est\u00e9 muy cerca a solicitud que nos pidan para atender a la familia del alcalde de Uruapan.<br><\/p>\n\n\n\n<p>En cuanto a las versiones que apuntaban a un posible v\u00ednculo de los escoltas del edil con el crimen organizado, el secretario de Seguridad, Omar Garc\u00eda Harfuch, lo descart\u00f3.<br><\/p>\n\n\n\n<p>\u201cNo se tiene conocimiento de que sus escoltas tengan v\u00ednculo con el crimen organizado. De hecho, es uno de los escoltas quien mata al atacante\u201d, afirm\u00f3.<br><\/p>\n\n\n\n<p>Mientras que el secretario de la Defensa Nacional, Ricardo Trevilla, explic\u00f3 que los escoltas de Manzo fueron seleccionados por \u00e9l mismo y eran polic\u00edas municipales.<br><\/p>\n\n\n\n<p>Sheinbaum reconoci\u00f3 como leg\u00edtimas las manifestaciones ciudadanas por el asesinato del alcalde, aunque cuestion\u00f3 algunas convocatorias para las movilizaciones del pr\u00f3ximo 15 de noviembre.<br><\/p>\n\n\n\n<p>La presidenta reiter\u00f3 que su gobierno no abandonar\u00e1 a Michoac\u00e1n ante la crisis de violencia que enfrenta el estado.<\/p>\n","protected":false},"excerpt":{"rendered":"<p>-As\u00ed respondi\u00f3 la presidenta Claudia Sheinbaum a los cuestionamientos tras el homicidio del alcalde de Uruapan. La presidenta Claudia Sheinbaum inform\u00f3 durante La ma\u00f1anera la situaci\u00f3n que ocurre alrededor del asesinato de Carlos Manzo, alcalde de Uruapan, Michoac\u00e1n, ocurrido el fin de semana. Sheinbaum centr\u00f3 su mensaje en la situaci\u00f3n de violencia en Michoac\u00e1n y [&hellip;]<\/p>\n","protected":false},"author":1,"featured_media":95446,"comment_status":"closed","ping_status":"closed","sticky":false,"template":"","format":"standard","meta":{"footnotes":""},"categories":[34],"tags":[],"class_list":["post-95445","post","type-post","status-publish","format-standard","has-post-thumbnail","hentry","category-nacional"],"_links":{"self":[{"href":"https:\/\/elinformante.mx\/index.php?rest_route=\/wp\/v2\/posts\/95445","targetHints":{"allow":["GET"]}}],"collection":[{"href":"https:\/\/elinformante.mx\/index.php?rest_route=\/wp\/v2\/posts"}],"about":[{"href":"https:\/\/elinformante.mx\/index.php?rest_route=\/wp\/v2\/types\/post"}],"author":[{"embeddable":true,"href":"https:\/\/elinformante.mx\/index.php?rest_route=\/wp\/v2\/users\/1"}],"replies":[{"embeddable":true,"href":"https:\/\/elinformante.mx\/index.php?rest_route=%2Fwp%2Fv2%2Fcomments&post=95445"}],"version-history":[{"count":0,"href":"https:\/\/elinformante.mx\/index.php?rest_route=\/wp\/v2\/posts\/95445\/revisions"}],"wp:featuredmedia":[{"embeddable":true,"href":"https:\/\/elinformante.mx\/index.php?rest_route=\/wp\/v2\/media\/95446"}],"wp:attachment":[{"href":"https:\/\/elinformante.mx\/index.php?rest_route=%2Fwp%2Fv2%2Fmedia&parent=95445"}],"wp:term":[{"taxonomy":"category","embeddable":true,"href":"https:\/\/elinformante.mx\/index.php?rest_route=%2Fwp%2Fv2%2Fcategories&post=95445"},{"taxonomy":"post_tag","embeddable":true,"href":"https:\/\/elinformante.mx\/index.php?rest_route=%2Fwp%2Fv2%2Ftags&post=95445"}],"curies":[{"name":"wp","href":"https:\/\/api.w.org\/{rel}","templated":true}]}}