{"id":95489,"date":"2025-11-05T06:12:31","date_gmt":"2025-11-05T12:12:31","guid":{"rendered":"https:\/\/elinformante.mx\/?p=95489"},"modified":"2025-11-05T06:14:56","modified_gmt":"2025-11-05T12:14:56","slug":"lerma-busca-acercar-el-conocimiento-cientifico-y-tecnologico-a-la-ninez-ramirez-ponce","status":"publish","type":"post","link":"https:\/\/elinformante.mx\/?p=95489","title":{"rendered":"Lerma busca acercar el conocimiento cient\u00edfico y tecnol\u00f3gico a la ni\u00f1ez: Ram\u00edrez Ponce"},"content":{"rendered":"\n<figure class=\"wp-block-pullquote\"><blockquote><p>-Este tipo de actividades desarrolla en los peque\u00f1os habilidades como el pensamiento l\u00f3gico, la creatividad y el trabajo en equipo.<\/p><\/blockquote><\/figure>\n\n\n\n<p class=\"has-drop-cap\">En el municipio de Lerma, el presidente municipal Miguel \u00c1ngel Ram\u00edrez Ponce, junto con autoridades de la UAM Lerma, entregaron reconocimientos a las ni\u00f1as, ni\u00f1os y adolescentes que participaron en los talleres de rob\u00f3tica del proyecto CICyT.<br><\/p>\n\n\n\n<p>Durante la entrega, Ram\u00edrez Ponce se\u00f1al\u00f3 que los cursos de rob\u00f3tica fueron impartidos gracias a la colaboraci\u00f3n que mantienen el Ayuntamiento de Lerma y la UAM Lerma, y que hoy sigue dando resultados.<br><\/p>\n\n\n\n<p>Reafirm\u00f3 que este tipo de talleres impulsan la creatividad, la innovaci\u00f3n y el acercamiento al conocimiento cient\u00edfico y tecnol\u00f3gico de las ni\u00f1as, ni\u00f1os y adolescentes de Lerma.<br><\/p>\n\n\n\n<figure class=\"wp-block-image size-large\"><img fetchpriority=\"high\" decoding=\"async\" width=\"1024\" height=\"506\" src=\"https:\/\/elinformante.mx\/wp-content\/uploads\/2025\/11\/13lerma-1024x506.jpg\" alt=\"\" class=\"wp-image-95493\" srcset=\"https:\/\/elinformante.mx\/wp-content\/uploads\/2025\/11\/13lerma-1024x506.jpg 1024w, https:\/\/elinformante.mx\/wp-content\/uploads\/2025\/11\/13lerma-300x148.jpg 300w, https:\/\/elinformante.mx\/wp-content\/uploads\/2025\/11\/13lerma-768x379.jpg 768w, https:\/\/elinformante.mx\/wp-content\/uploads\/2025\/11\/13lerma.jpg 1140w\" sizes=\"(max-width: 1024px) 100vw, 1024px\" \/><\/figure>\n\n\n\n<p>\u201cEstamos muy contentos porque este tipo de actividades desarrolla en los peque\u00f1os habilidades como el pensamiento l\u00f3gico, la creatividad y el trabajo en equipo\u201d, se\u00f1al\u00f3.<br><\/p>\n\n\n\n<p>La presidenta del DIF Lerma, Marisol Mote Mart\u00ednez, tambi\u00e9n estuvo en la entrega de reconocimientos y se\u00f1al\u00f3 que gracias a estos cursos de rob\u00f3tica, las ni\u00f1as, ni\u00f1os y adolescentes aprenden, experimentan y crean mientras desarrollan habilidades que los preparan para el futuro.<br><\/p>\n\n\n\n<p>Se\u00f1al\u00f3: \u201cLa imaginaci\u00f3n y curiosidad de nuestras ni\u00f1as y ni\u00f1os no tiene l\u00edmites\u201d. Durante el evento, Ram\u00edrez Ponce tambi\u00e9n record\u00f3 que se est\u00e1n llevando a cabo en todos los rincones de Lerma la jornada de vacunaci\u00f3n invernal contra COVID-19, neumococo e influenza.<br><\/p>\n\n\n\n<p>Mencion\u00f3 que esta campa\u00f1a est\u00e1 encabezada por personal de salud y compa\u00f1eros del DIF Lerma que estar\u00e1n atendiendo al p\u00fablico en general.<\/p>\n","protected":false},"excerpt":{"rendered":"<p>-Este tipo de actividades desarrolla en los peque\u00f1os habilidades como el pensamiento l\u00f3gico, la creatividad y el trabajo en equipo. En el municipio de Lerma, el presidente municipal Miguel \u00c1ngel Ram\u00edrez Ponce, junto con autoridades de la UAM Lerma, entregaron reconocimientos a las ni\u00f1as, ni\u00f1os y adolescentes que participaron en los talleres de rob\u00f3tica del [&hellip;]<\/p>\n","protected":false},"author":1,"featured_media":95492,"comment_status":"closed","ping_status":"closed","sticky":false,"template":"","format":"standard","meta":{"footnotes":""},"categories":[30,36],"tags":[],"class_list":["post-95489","post","type-post","status-publish","format-standard","has-post-thumbnail","hentry","category-destacado","category-edomex"],"_links":{"self":[{"href":"https:\/\/elinformante.mx\/index.php?rest_route=\/wp\/v2\/posts\/95489","targetHints":{"allow":["GET"]}}],"collection":[{"href":"https:\/\/elinformante.mx\/index.php?rest_route=\/wp\/v2\/posts"}],"about":[{"href":"https:\/\/elinformante.mx\/index.php?rest_route=\/wp\/v2\/types\/post"}],"author":[{"embeddable":true,"href":"https:\/\/elinformante.mx\/index.php?rest_route=\/wp\/v2\/users\/1"}],"replies":[{"embeddable":true,"href":"https:\/\/elinformante.mx\/index.php?rest_route=%2Fwp%2Fv2%2Fcomments&post=95489"}],"version-history":[{"count":0,"href":"https:\/\/elinformante.mx\/index.php?rest_route=\/wp\/v2\/posts\/95489\/revisions"}],"wp:featuredmedia":[{"embeddable":true,"href":"https:\/\/elinformante.mx\/index.php?rest_route=\/wp\/v2\/media\/95492"}],"wp:attachment":[{"href":"https:\/\/elinformante.mx\/index.php?rest_route=%2Fwp%2Fv2%2Fmedia&parent=95489"}],"wp:term":[{"taxonomy":"category","embeddable":true,"href":"https:\/\/elinformante.mx\/index.php?rest_route=%2Fwp%2Fv2%2Fcategories&post=95489"},{"taxonomy":"post_tag","embeddable":true,"href":"https:\/\/elinformante.mx\/index.php?rest_route=%2Fwp%2Fv2%2Ftags&post=95489"}],"curies":[{"name":"wp","href":"https:\/\/api.w.org\/{rel}","templated":true}]}}