{"id":95491,"date":"2025-11-05T06:18:44","date_gmt":"2025-11-05T12:18:44","guid":{"rendered":"https:\/\/elinformante.mx\/?p=95491"},"modified":"2025-11-05T06:18:47","modified_gmt":"2025-11-05T12:18:47","slug":"zinacantepec-busca-crear-mejores-oportunidades-laborales-manuel-vilchis","status":"publish","type":"post","link":"https:\/\/elinformante.mx\/?p=95491","title":{"rendered":"Zinacantepec busca crear mejores oportunidades laborales: Manuel Vilchis"},"content":{"rendered":"\n<figure class=\"wp-block-pullquote\"><blockquote><p>-Se\u00f1al\u00f3 que este convenio permitir\u00e1 la impartici\u00f3n de cursos de Capacitaci\u00f3n Espec\u00edfica para el Autoempleo.<\/p><\/blockquote><\/figure>\n\n\n\n<p class=\"has-drop-cap\">En el municipio de Zinacantepec, el presidente municipal Manuel Vilchis Viveros encabez\u00f3 la firma del Convenio de Colaboraci\u00f3n con el ICATI Instituto de Capacitaci\u00f3n y Adiestramiento para el Trabajo Industrial.<br><\/p>\n\n\n\n<p>Durante la firma, Vilchis Viveros se\u00f1al\u00f3 que este convenio permitir\u00e1 la impartici\u00f3n de cursos de Capacitaci\u00f3n Espec\u00edfica para el Autoempleo, donde las y los zinacantepequenses puedan fortalecer sus habilidades, adem\u00e1s de poder acceder a m\u00e1s y mejores oportunidades laborales, logrando fomentar m\u00e1s oportunidades de autoempleo.<br><\/p>\n\n\n\n<p>Durante la firma estuvo presente el Lic. Zen\u00f3n Vargas Mart\u00ednez, Director General del ICATI, qui\u00e9n se\u00f1al\u00f3 que por instrucci\u00f3n de la Gobernadora del Estado de M\u00e9xico, Mtra. Delfina G\u00f3mez \u00c1lvarez, y del Secretario del Trabajo, Prof. Norberto Morales Poblete, es que se logr\u00f3 este convenio entre el Instituto de Capacitaci\u00f3n y Adiestramiento para el Trabajo Industrial y el Ayuntamiento de Zinacantepec.<br><\/p>\n\n\n\n<figure class=\"wp-block-image size-large\"><img fetchpriority=\"high\" decoding=\"async\" width=\"1024\" height=\"506\" src=\"https:\/\/elinformante.mx\/wp-content\/uploads\/2025\/11\/12zinacantepec-2-1024x506.jpg\" alt=\"\" class=\"wp-image-95496\" srcset=\"https:\/\/elinformante.mx\/wp-content\/uploads\/2025\/11\/12zinacantepec-2-1024x506.jpg 1024w, https:\/\/elinformante.mx\/wp-content\/uploads\/2025\/11\/12zinacantepec-2-300x148.jpg 300w, https:\/\/elinformante.mx\/wp-content\/uploads\/2025\/11\/12zinacantepec-2-768x379.jpg 768w, https:\/\/elinformante.mx\/wp-content\/uploads\/2025\/11\/12zinacantepec-2.jpg 1140w\" sizes=\"(max-width: 1024px) 100vw, 1024px\" \/><\/figure>\n\n\n\n<p>Vilchis Viveros reafirm\u00f3 que esta alianza permitir\u00e1 fortalecer la capacitaci\u00f3n, profesionalizaci\u00f3n y el desarrollo de habilidades t\u00e9cnicas para la poblaci\u00f3n del municipio, potenciando nuevas oportunidades laborales y de emprendimiento.<br><\/p>\n\n\n\n<p>Tambi\u00e9n destac\u00f3 la participaci\u00f3n de la EDAYO Zinacantepec, liderada por el Mtro. Sim\u00f3n Fabi\u00e1n Rossano D\u00edaz, qui\u00e9n, se\u00f1al\u00f3 junto a su gobierno, mantienen un enorme compromiso con el desarrollo del municipio; adem\u00e1s fue el encargado de mostrar en un recorrido la Feria \u201cAutoempl\u00e9ate\u201d, en donde se dan a conocer productos que ofrecen emprendedoras y emprendedores.<br><\/p>\n\n\n\n<p>Finaliz\u00f3 Vilchis Vivero: \u201cAs\u00ed Seguimos sumando esfuerzos para impulsar el talento y la autonom\u00eda econ\u00f3mica de nuestra gente\u201d.<\/p>\n","protected":false},"excerpt":{"rendered":"<p>-Se\u00f1al\u00f3 que este convenio permitir\u00e1 la impartici\u00f3n de cursos de Capacitaci\u00f3n Espec\u00edfica para el Autoempleo. En el municipio de Zinacantepec, el presidente municipal Manuel Vilchis Viveros encabez\u00f3 la firma del Convenio de Colaboraci\u00f3n con el ICATI Instituto de Capacitaci\u00f3n y Adiestramiento para el Trabajo Industrial. Durante la firma, Vilchis Viveros se\u00f1al\u00f3 que este convenio permitir\u00e1 [&hellip;]<\/p>\n","protected":false},"author":1,"featured_media":95495,"comment_status":"closed","ping_status":"closed","sticky":false,"template":"","format":"standard","meta":{"footnotes":""},"categories":[36],"tags":[],"class_list":["post-95491","post","type-post","status-publish","format-standard","has-post-thumbnail","hentry","category-edomex"],"_links":{"self":[{"href":"https:\/\/elinformante.mx\/index.php?rest_route=\/wp\/v2\/posts\/95491","targetHints":{"allow":["GET"]}}],"collection":[{"href":"https:\/\/elinformante.mx\/index.php?rest_route=\/wp\/v2\/posts"}],"about":[{"href":"https:\/\/elinformante.mx\/index.php?rest_route=\/wp\/v2\/types\/post"}],"author":[{"embeddable":true,"href":"https:\/\/elinformante.mx\/index.php?rest_route=\/wp\/v2\/users\/1"}],"replies":[{"embeddable":true,"href":"https:\/\/elinformante.mx\/index.php?rest_route=%2Fwp%2Fv2%2Fcomments&post=95491"}],"version-history":[{"count":0,"href":"https:\/\/elinformante.mx\/index.php?rest_route=\/wp\/v2\/posts\/95491\/revisions"}],"wp:featuredmedia":[{"embeddable":true,"href":"https:\/\/elinformante.mx\/index.php?rest_route=\/wp\/v2\/media\/95495"}],"wp:attachment":[{"href":"https:\/\/elinformante.mx\/index.php?rest_route=%2Fwp%2Fv2%2Fmedia&parent=95491"}],"wp:term":[{"taxonomy":"category","embeddable":true,"href":"https:\/\/elinformante.mx\/index.php?rest_route=%2Fwp%2Fv2%2Fcategories&post=95491"},{"taxonomy":"post_tag","embeddable":true,"href":"https:\/\/elinformante.mx\/index.php?rest_route=%2Fwp%2Fv2%2Ftags&post=95491"}],"curies":[{"name":"wp","href":"https:\/\/api.w.org\/{rel}","templated":true}]}}