{"id":95532,"date":"2025-11-05T07:31:09","date_gmt":"2025-11-05T13:31:09","guid":{"rendered":"https:\/\/elinformante.mx\/?p=95532"},"modified":"2025-11-05T07:31:16","modified_gmt":"2025-11-05T13:31:16","slug":"busca-mexico-ajuste-de-aranceles-de-vehiculos-pesados-ebrard","status":"publish","type":"post","link":"https:\/\/elinformante.mx\/?p=95532","title":{"rendered":"Busca M\u00e9xico ajuste de aranceles de veh\u00edculos pesados: Ebrard"},"content":{"rendered":"\n<figure class=\"wp-block-pullquote\"><blockquote><p>Se llev\u00f3 a cabo la presentaci\u00f3n del Acuerdo sobre Condiciones Ambientales en la Importaci\u00f3n de Veh\u00edculos Usados en conjunto con la secretaria de Medio Ambiente, Alicia B\u00e1rcena.<\/p><\/blockquote><\/figure>\n\n\n\n<p class=\"has-drop-cap\">El secretario de Econom\u00eda, Marcelo Ebrard, afirm\u00f3 que el pa\u00eds buscar\u00e1 negociar con Estados Unidos un ajuste a los aranceles a los veh\u00edculos pesados fabricados en M\u00e9xico -con alrededor de 60% de autopartes estadounidenses-, en el marco de la pr\u00f3xima revisi\u00f3n del tratado comercial con Estados Unidos y Canad\u00e1 (T-MEC).<br><\/p>\n\n\n\n<p>Ebrard se\u00f1al\u00f3 que el trato actual hacia M\u00e9xico es violatorio al T-MEC, por lo que este nuevo arancel ser\u00e1 un tema de la m\u00e1s alta prioridad en la renegociaci\u00f3n del tratado, prevista para 2026.<br><\/p>\n\n\n\n<p>El pasado 1 de noviembre pasado, entr\u00f3 en vigor un nuevo arancel estadounidense del 25% para la importaci\u00f3n de veh\u00edculos de carga media y pesada, una medida que afecta a M\u00e9xico al fabricar y exportar estos veh\u00edculos, aunque m\u00e1s de la mitad de sus componentes sean estadounidenses.<br><\/p>\n\n\n\n<p>Ebrard se\u00f1al\u00f3 que se buscar\u00e1 acordar con Estados Unidos que se aplique un sistema de descuentos similar al que tienen los veh\u00edculos ligeros, donde se reduce la tarifa dependiendo del porcentaje de componentes estadounidenses empleados en la fabricaci\u00f3n.<br><\/p>\n\n\n\n<p>Estas declaraciones de Ebrard ocurrieron tras la presentaci\u00f3n del Acuerdo sobre Condiciones Ambientales en la Importaci\u00f3n de Veh\u00edculos Usados en conjunto con la secretaria de Medio Ambiente, Alicia B\u00e1rcena.<br><\/p>\n\n\n\n<p>En dicho acuerdo se proh\u00edbe la importaci\u00f3n de veh\u00edculos usados equipados con motor a di\u00e9sel y con peso bruto vehicular mayor a 3.857 kilogramos y establece que el l\u00edmite m\u00e1ximo de antig\u00fcedad de los veh\u00edculos que se importen a territorio mexicano ser\u00e1 de 10 a\u00f1os.<br><\/p>\n\n\n\n<p>Mientras que B\u00e1rcena destac\u00f3 que aunque los veh\u00edculos de di\u00e9sel representan un 5% de la flota en M\u00e9xico, generan un 61% de contaminantes, como part\u00edculas suspendidas.<\/p>\n","protected":false},"excerpt":{"rendered":"<p>Se llev\u00f3 a cabo la presentaci\u00f3n del Acuerdo sobre Condiciones Ambientales en la Importaci\u00f3n de Veh\u00edculos Usados en conjunto con la secretaria de Medio Ambiente, Alicia B\u00e1rcena. El secretario de Econom\u00eda, Marcelo Ebrard, afirm\u00f3 que el pa\u00eds buscar\u00e1 negociar con Estados Unidos un ajuste a los aranceles a los veh\u00edculos pesados fabricados en M\u00e9xico -con [&hellip;]<\/p>\n","protected":false},"author":1,"featured_media":95535,"comment_status":"closed","ping_status":"closed","sticky":false,"template":"","format":"standard","meta":{"footnotes":""},"categories":[34],"tags":[],"class_list":["post-95532","post","type-post","status-publish","format-standard","has-post-thumbnail","hentry","category-nacional"],"_links":{"self":[{"href":"https:\/\/elinformante.mx\/index.php?rest_route=\/wp\/v2\/posts\/95532","targetHints":{"allow":["GET"]}}],"collection":[{"href":"https:\/\/elinformante.mx\/index.php?rest_route=\/wp\/v2\/posts"}],"about":[{"href":"https:\/\/elinformante.mx\/index.php?rest_route=\/wp\/v2\/types\/post"}],"author":[{"embeddable":true,"href":"https:\/\/elinformante.mx\/index.php?rest_route=\/wp\/v2\/users\/1"}],"replies":[{"embeddable":true,"href":"https:\/\/elinformante.mx\/index.php?rest_route=%2Fwp%2Fv2%2Fcomments&post=95532"}],"version-history":[{"count":0,"href":"https:\/\/elinformante.mx\/index.php?rest_route=\/wp\/v2\/posts\/95532\/revisions"}],"wp:featuredmedia":[{"embeddable":true,"href":"https:\/\/elinformante.mx\/index.php?rest_route=\/wp\/v2\/media\/95535"}],"wp:attachment":[{"href":"https:\/\/elinformante.mx\/index.php?rest_route=%2Fwp%2Fv2%2Fmedia&parent=95532"}],"wp:term":[{"taxonomy":"category","embeddable":true,"href":"https:\/\/elinformante.mx\/index.php?rest_route=%2Fwp%2Fv2%2Fcategories&post=95532"},{"taxonomy":"post_tag","embeddable":true,"href":"https:\/\/elinformante.mx\/index.php?rest_route=%2Fwp%2Fv2%2Ftags&post=95532"}],"curies":[{"name":"wp","href":"https:\/\/api.w.org\/{rel}","templated":true}]}}