{"id":95641,"date":"2025-11-07T05:45:26","date_gmt":"2025-11-07T11:45:26","guid":{"rendered":"https:\/\/elinformante.mx\/?p=95641"},"modified":"2025-11-07T05:45:28","modified_gmt":"2025-11-07T11:45:28","slug":"anuncia-kanye-west-concierto-en-mexico","status":"publish","type":"post","link":"https:\/\/elinformante.mx\/?p=95641","title":{"rendered":"Anuncia Kanye West concierto en M\u00e9xico"},"content":{"rendered":"\n<figure class=\"wp-block-pullquote\"><blockquote><p>-El cantante regresar\u00e1 con un concierto \u00fanico el 30 de enero de 2026 en la Plaza de Toros \u201cLa M\u00e9xico\u201d.<\/p><\/blockquote><\/figure>\n\n\n\n<p class=\"has-drop-cap\">Despu\u00e9s de una d\u00e9cada sin presentarse en M\u00e9xico, Kanye West, confirm\u00f3 un concierto \u00fanico en la capital del pa\u00eds.<br><\/p>\n\n\n\n<p>El rapero y productor, considerado uno de los artistas m\u00e1s influyentes de la m\u00fasica contempor\u00e1nea, ha marcado la escena con su talento, con letras provocadoras y producciones innovadoras, todo a pesar de los esc\u00e1ndalos que frecuentemente protagoniza.<br><\/p>\n\n\n\n<p>Ser\u00e1 el 30 de enero de 2026 en la ic\u00f3nica Monumental Plaza de Toros &#8220;La M\u00e9xico&#8221;, en un recinto con capacidad para hasta 50 mil personas, lo que promete un espect\u00e1culo masivo e inolvidable.<br><\/p>\n\n\n\n<p>A\u00fan no se revelan las fechas de venta ni precios oficiales de los boletos.<br><\/p>\n\n\n\n<p>Kanye West es reconocido por sus presentaciones vanguardistas y visualmente impactantes. Los asistentes podr\u00e1n disfrutar de un recorrido por sus grandes \u00e9xitos, as\u00ed como de material de sus discos m\u00e1s recientes, todo con la puesta en escena caracter\u00edstica del artista.<br><\/p>\n\n\n\n<p>Originario de Chicago, Kanye West pas\u00f3 de ser un productor de hip hop respetado a convertirse en un icono mundial, conocido por su creatividad, pol\u00e9micas y su capacidad para desafiar las normas de la m\u00fasica y la cultura popular. Este regreso a M\u00e9xico promete consolidar a\u00fan m\u00e1s su legado y ofrecer una experiencia \u00fanica a sus fans.<\/p>\n","protected":false},"excerpt":{"rendered":"<p>-El cantante regresar\u00e1 con un concierto \u00fanico el 30 de enero de 2026 en la Plaza de Toros \u201cLa M\u00e9xico\u201d. Despu\u00e9s de una d\u00e9cada sin presentarse en M\u00e9xico, Kanye West, confirm\u00f3 un concierto \u00fanico en la capital del pa\u00eds. El rapero y productor, considerado uno de los artistas m\u00e1s influyentes de la m\u00fasica contempor\u00e1nea, ha [&hellip;]<\/p>\n","protected":false},"author":1,"featured_media":95647,"comment_status":"closed","ping_status":"closed","sticky":false,"template":"","format":"standard","meta":{"footnotes":""},"categories":[39],"tags":[],"class_list":["post-95641","post","type-post","status-publish","format-standard","has-post-thumbnail","hentry","category-espectaculos"],"_links":{"self":[{"href":"https:\/\/elinformante.mx\/index.php?rest_route=\/wp\/v2\/posts\/95641","targetHints":{"allow":["GET"]}}],"collection":[{"href":"https:\/\/elinformante.mx\/index.php?rest_route=\/wp\/v2\/posts"}],"about":[{"href":"https:\/\/elinformante.mx\/index.php?rest_route=\/wp\/v2\/types\/post"}],"author":[{"embeddable":true,"href":"https:\/\/elinformante.mx\/index.php?rest_route=\/wp\/v2\/users\/1"}],"replies":[{"embeddable":true,"href":"https:\/\/elinformante.mx\/index.php?rest_route=%2Fwp%2Fv2%2Fcomments&post=95641"}],"version-history":[{"count":0,"href":"https:\/\/elinformante.mx\/index.php?rest_route=\/wp\/v2\/posts\/95641\/revisions"}],"wp:featuredmedia":[{"embeddable":true,"href":"https:\/\/elinformante.mx\/index.php?rest_route=\/wp\/v2\/media\/95647"}],"wp:attachment":[{"href":"https:\/\/elinformante.mx\/index.php?rest_route=%2Fwp%2Fv2%2Fmedia&parent=95641"}],"wp:term":[{"taxonomy":"category","embeddable":true,"href":"https:\/\/elinformante.mx\/index.php?rest_route=%2Fwp%2Fv2%2Fcategories&post=95641"},{"taxonomy":"post_tag","embeddable":true,"href":"https:\/\/elinformante.mx\/index.php?rest_route=%2Fwp%2Fv2%2Ftags&post=95641"}],"curies":[{"name":"wp","href":"https:\/\/api.w.org\/{rel}","templated":true}]}}