{"id":95648,"date":"2025-11-07T05:48:27","date_gmt":"2025-11-07T11:48:27","guid":{"rendered":"https:\/\/elinformante.mx\/?p=95648"},"modified":"2025-11-07T05:48:29","modified_gmt":"2025-11-07T11:48:29","slug":"nominan-a-javier-aguirre-al-premio-the-best-de-la-fifa-como-mejor-tecnico-del-ano","status":"publish","type":"post","link":"https:\/\/elinformante.mx\/?p=95648","title":{"rendered":"Nominan a Javier Aguirre al premio The Best de la FIFA como mejor t\u00e9cnico del a\u00f1o"},"content":{"rendered":"\n<figure class=\"wp-block-pullquote\"><blockquote><p>-Aparece en la lista junto a los entrenadores como Luis Enrique, Hansi Flick o Mikel Arteta.<\/p><\/blockquote><\/figure>\n\n\n\n<p class=\"has-drop-cap\">El t\u00e9cnico mexicano Javier Aguirre est\u00e1 nominado al premio The Best de la FIFA al mejor entrenador de 2025 junto a figuras como el espa\u00f1ol Luis Enrique Mart\u00ednez, ganador de la Champions con el PSG o el alem\u00e1n Hansi Flick (Barcelona).<br><\/p>\n\n\n\n<p>Dentro de la lista, tambi\u00e9n est\u00e1n los espa\u00f1oles Mikel Arteta, entrenador del Arsenal, y Roberto Mart\u00ednez, seleccionador de Portugal, el neerland\u00e9s Arne Slot (Liverpool) y el italiano Enzo Maresca (Chelsea), quienes completan la lista de siete candidatos.<br><\/p>\n\n\n\n<p>Aguirre conquist\u00f3 en su tercera etapa al frente de la Selecci\u00f3n Mexicana los t\u00edtulos de la Copa Oro y la Liga de Naciones de la Concacaf, y ahora busca en el Mundial de 2026 conseguir la mejor actuaci\u00f3n del Tri en una Copa del Mundo, tras ser eliminado en Octavos de Final en Corea-Jap\u00f3n 2002 y Sud\u00e1frica 2010.<br><\/p>\n\n\n\n<figure class=\"wp-block-image size-large\"><img fetchpriority=\"high\" decoding=\"async\" width=\"1024\" height=\"506\" src=\"https:\/\/elinformante.mx\/wp-content\/uploads\/2025\/11\/14nominan-2-1024x506.jpg\" alt=\"\" class=\"wp-image-95652\" srcset=\"https:\/\/elinformante.mx\/wp-content\/uploads\/2025\/11\/14nominan-2-1024x506.jpg 1024w, https:\/\/elinformante.mx\/wp-content\/uploads\/2025\/11\/14nominan-2-300x148.jpg 300w, https:\/\/elinformante.mx\/wp-content\/uploads\/2025\/11\/14nominan-2-768x379.jpg 768w, https:\/\/elinformante.mx\/wp-content\/uploads\/2025\/11\/14nominan-2.jpg 1140w\" sizes=\"(max-width: 1024px) 100vw, 1024px\" \/><\/figure>\n\n\n\n<p>La FIFA resumi\u00f3 algunos de los logros de Aguirre: &#8220;Brind\u00f3 un, 2025 repleto de t\u00edtulos, mientras M\u00e9xico se prepara para coorganizar la Copa Mundial de la FIFA 26\u2122. Adem\u00e1s, llev\u00f3 al Tri a su primer triunfo en la Liga de Naciones de la Concacaf en marzo, tras una dram\u00e1tica victoria por 2-1 sobre Panam\u00e1 en la final de Los \u00c1ngeles. Cuatro meses despu\u00e9s, M\u00e9xico revalid\u00f3 su t\u00edtulo de la Copa Oro de la Concacaf por primera vez desde 2011, con una remontada ante Estados Unidos en Houston&#8221;<br><\/p>\n\n\n\n<p>El premio The Best de la FIFA, que cumple su d\u00e9cima edici\u00f3n, es determinado por los votos de los entrenadores y capitanes de las 211 federaciones miembro de la FIFA, miembros de la prensa y aficionados registrados en FIFA.com.<br><\/p>\n\n\n\n<p>La votaci\u00f3n comienza este 6 de noviembre y finalizar\u00e1 a las 23:59 del 28 de noviembre.<\/p>\n","protected":false},"excerpt":{"rendered":"<p>-Aparece en la lista junto a los entrenadores como Luis Enrique, Hansi Flick o Mikel Arteta. El t\u00e9cnico mexicano Javier Aguirre est\u00e1 nominado al premio The Best de la FIFA al mejor entrenador de 2025 junto a figuras como el espa\u00f1ol Luis Enrique Mart\u00ednez, ganador de la Champions con el PSG o el alem\u00e1n Hansi [&hellip;]<\/p>\n","protected":false},"author":1,"featured_media":95651,"comment_status":"closed","ping_status":"closed","sticky":false,"template":"","format":"standard","meta":{"footnotes":""},"categories":[38],"tags":[],"class_list":["post-95648","post","type-post","status-publish","format-standard","has-post-thumbnail","hentry","category-deportes"],"_links":{"self":[{"href":"https:\/\/elinformante.mx\/index.php?rest_route=\/wp\/v2\/posts\/95648","targetHints":{"allow":["GET"]}}],"collection":[{"href":"https:\/\/elinformante.mx\/index.php?rest_route=\/wp\/v2\/posts"}],"about":[{"href":"https:\/\/elinformante.mx\/index.php?rest_route=\/wp\/v2\/types\/post"}],"author":[{"embeddable":true,"href":"https:\/\/elinformante.mx\/index.php?rest_route=\/wp\/v2\/users\/1"}],"replies":[{"embeddable":true,"href":"https:\/\/elinformante.mx\/index.php?rest_route=%2Fwp%2Fv2%2Fcomments&post=95648"}],"version-history":[{"count":0,"href":"https:\/\/elinformante.mx\/index.php?rest_route=\/wp\/v2\/posts\/95648\/revisions"}],"wp:featuredmedia":[{"embeddable":true,"href":"https:\/\/elinformante.mx\/index.php?rest_route=\/wp\/v2\/media\/95651"}],"wp:attachment":[{"href":"https:\/\/elinformante.mx\/index.php?rest_route=%2Fwp%2Fv2%2Fmedia&parent=95648"}],"wp:term":[{"taxonomy":"category","embeddable":true,"href":"https:\/\/elinformante.mx\/index.php?rest_route=%2Fwp%2Fv2%2Fcategories&post=95648"},{"taxonomy":"post_tag","embeddable":true,"href":"https:\/\/elinformante.mx\/index.php?rest_route=%2Fwp%2Fv2%2Ftags&post=95648"}],"curies":[{"name":"wp","href":"https:\/\/api.w.org\/{rel}","templated":true}]}}