{"id":95653,"date":"2025-11-07T05:51:56","date_gmt":"2025-11-07T11:51:56","guid":{"rendered":"https:\/\/elinformante.mx\/?p=95653"},"modified":"2025-11-07T05:51:59","modified_gmt":"2025-11-07T11:51:59","slug":"semov-da-banderazo-de-salida-a-15-nuevas-unidades-del-mexibus-en-edomex","status":"publish","type":"post","link":"https:\/\/elinformante.mx\/?p=95653","title":{"rendered":"Semov da banderazo de salida a 15 nuevas unidades del Mexib\u00fas en Edom\u00e9x"},"content":{"rendered":"\n<figure class=\"wp-block-pullquote\"><blockquote><p>Se incrementa a 64 el n\u00famero de autobuses de la L\u00ednea I de este sistema de transporte para brindar un servicio m\u00e1s c\u00f3modo y eficiente.<\/p><\/blockquote><\/figure>\n\n\n\n<p class=\"has-drop-cap\">Como parte del proceso de la transformaci\u00f3n y renovaci\u00f3n del transporte de alta capacidad, el Gobierno de la Maestra Delfina G\u00f3mez \u00c1lvarez, a trav\u00e9s de la Secretar\u00eda de Movilidad (Semov), dio el banderazo de salida a 15 nuevas unidades articuladas de la L\u00ednea I de Mexib\u00fas, en beneficio de m\u00e1s de 86 mil usuarios que diariamente recorren la ruta Metro Ciudad Azteca, en el municipio de Ecatepec, a Ojo de Agua, en Tec\u00e1mac.<br><\/p>\n\n\n\n<p>En el evento, encabezado por Daniel Sibaja Gonz\u00e1lez, Secretario de Movilidad, se se\u00f1al\u00f3 que con estas unidades, el n\u00famero de autobuses de reciente modelo de la L\u00ednea I de Mexib\u00fas se incrementa a 64. Esto permitir\u00e1 mejorar el servicio en una ruta que tiene conexi\u00f3n con la ampliaci\u00f3n del Mexib\u00fas L\u00ednea I, as\u00ed como las l\u00edneas II y IV del Mexib\u00fas y la l\u00ednea B del Sistema de Transporte Colectivo Metro.<br><\/p>\n\n\n\n<p>Las unidades, de 18 metros de longitud, tuvieron una inversi\u00f3n de 120 millones de pesos, por parte de la empresa concesionaria Transmasivo, y cuentan con tecnolog\u00eda de \u00faltima generaci\u00f3n y baja emisi\u00f3n de contaminantes, lo que garantiza un alto rendimiento y eficiencia.<br><\/p>\n\n\n\n<figure class=\"wp-block-image size-large\"><img fetchpriority=\"high\" decoding=\"async\" width=\"1024\" height=\"506\" src=\"https:\/\/elinformante.mx\/wp-content\/uploads\/2025\/11\/13semov-2-1024x506.jpg\" alt=\"\" class=\"wp-image-95657\" srcset=\"https:\/\/elinformante.mx\/wp-content\/uploads\/2025\/11\/13semov-2-1024x506.jpg 1024w, https:\/\/elinformante.mx\/wp-content\/uploads\/2025\/11\/13semov-2-300x148.jpg 300w, https:\/\/elinformante.mx\/wp-content\/uploads\/2025\/11\/13semov-2-768x379.jpg 768w, https:\/\/elinformante.mx\/wp-content\/uploads\/2025\/11\/13semov-2.jpg 1140w\" sizes=\"(max-width: 1024px) 100vw, 1024px\" \/><\/figure>\n\n\n\n<p>Sibaja Gonz\u00e1lez se\u00f1al\u00f3 que cada unidad tiene capacidad para 39 personas sentadas y 120 de pie; cuentan con accesibilidad universal integrada, 12 c\u00e1maras de videovigilancia, altavoz para indicar la pr\u00f3xima estaci\u00f3n y sensor de aforo de usuarios y usuarias.<br><\/p>\n\n\n\n<p>Mencion\u00f3 que el compromiso de la Gobernadora Delfina G\u00f3mez \u00c1lvarez es llevar un transporte digno y de calidad a las y los mexiquenses que m\u00e1s lo utilizan, dando visibilidad a los grupos vulnerables.<br><\/p>\n\n\n\n<p>Destac\u00f3 que con el impulso a las l\u00edneas V, VI y VII del Mexib\u00fas, la actual administraci\u00f3n realizar\u00e1 lo que, en 18 a\u00f1os, no realizaron los anteriores gobiernos, con lo que se llevar\u00e1 un transporte m\u00e1s seguro, digno, c\u00f3modo y eficiente a un mayor n\u00famero de mexiquenses.<br><\/p>\n\n\n\n<p>Finalmente, Adolfo Rojas Zamora, Presidente del Consejo de Administraci\u00f3n de Transmasivo, explic\u00f3 que la l\u00ednea I del Mexib\u00fas inici\u00f3 operaciones en 2010 y cuenta con 22 estaciones, dos terminales y tiene una longitud de recorrido por sentido de 16.8 kil\u00f3metros, anunci\u00f3 que, en el primer trimestre del 2026, llegar\u00e1n otras 10 unidades articuladas nuevas, de las cuales cuatro ser\u00e1n el\u00e9ctricas.<\/p>\n","protected":false},"excerpt":{"rendered":"<p>Se incrementa a 64 el n\u00famero de autobuses de la L\u00ednea I de este sistema de transporte para brindar un servicio m\u00e1s c\u00f3modo y eficiente. Como parte del proceso de la transformaci\u00f3n y renovaci\u00f3n del transporte de alta capacidad, el Gobierno de la Maestra Delfina G\u00f3mez \u00c1lvarez, a trav\u00e9s de la Secretar\u00eda de Movilidad (Semov), [&hellip;]<\/p>\n","protected":false},"author":1,"featured_media":95656,"comment_status":"closed","ping_status":"closed","sticky":false,"template":"","format":"standard","meta":{"footnotes":""},"categories":[36],"tags":[],"class_list":["post-95653","post","type-post","status-publish","format-standard","has-post-thumbnail","hentry","category-edomex"],"_links":{"self":[{"href":"https:\/\/elinformante.mx\/index.php?rest_route=\/wp\/v2\/posts\/95653","targetHints":{"allow":["GET"]}}],"collection":[{"href":"https:\/\/elinformante.mx\/index.php?rest_route=\/wp\/v2\/posts"}],"about":[{"href":"https:\/\/elinformante.mx\/index.php?rest_route=\/wp\/v2\/types\/post"}],"author":[{"embeddable":true,"href":"https:\/\/elinformante.mx\/index.php?rest_route=\/wp\/v2\/users\/1"}],"replies":[{"embeddable":true,"href":"https:\/\/elinformante.mx\/index.php?rest_route=%2Fwp%2Fv2%2Fcomments&post=95653"}],"version-history":[{"count":0,"href":"https:\/\/elinformante.mx\/index.php?rest_route=\/wp\/v2\/posts\/95653\/revisions"}],"wp:featuredmedia":[{"embeddable":true,"href":"https:\/\/elinformante.mx\/index.php?rest_route=\/wp\/v2\/media\/95656"}],"wp:attachment":[{"href":"https:\/\/elinformante.mx\/index.php?rest_route=%2Fwp%2Fv2%2Fmedia&parent=95653"}],"wp:term":[{"taxonomy":"category","embeddable":true,"href":"https:\/\/elinformante.mx\/index.php?rest_route=%2Fwp%2Fv2%2Fcategories&post=95653"},{"taxonomy":"post_tag","embeddable":true,"href":"https:\/\/elinformante.mx\/index.php?rest_route=%2Fwp%2Fv2%2Ftags&post=95653"}],"curies":[{"name":"wp","href":"https:\/\/api.w.org\/{rel}","templated":true}]}}