{"id":95658,"date":"2025-11-07T05:56:38","date_gmt":"2025-11-07T11:56:38","guid":{"rendered":"https:\/\/elinformante.mx\/?p=95658"},"modified":"2025-11-07T05:56:41","modified_gmt":"2025-11-07T11:56:41","slug":"trabajamos-por-un-mexicaltzingo-mas-seguro-y-mejor-iluminado-saray-benitez","status":"publish","type":"post","link":"https:\/\/elinformante.mx\/?p=95658","title":{"rendered":"Trabajamos por un Mexicaltzingo m\u00e1s seguro y mejor iluminado: Saray Ben\u00edtez"},"content":{"rendered":"\n<figure class=\"wp-block-pullquote\"><blockquote><p>Finaliz\u00f3 su jornada con la sesi\u00f3n de Atenci\u00f3n Ciudadana, donde se escucha, gestiona y se da respuesta a las necesidades de los vecinos de las localidades.<\/p><\/blockquote><\/figure>\n\n\n\n<p class=\"has-drop-cap\">Saray Ben\u00edtez Espinosa, presidenta municipal de Mexicaltzingo, encabez\u00f3 la inauguraci\u00f3n del Pabell\u00f3n Itinerante de Derechos Humanos, que es un espacio dedicado a promover el respeto, la igualdad y la conciencia social entre la ciudadan\u00eda.<br><\/p>\n\n\n\n<p>Ben\u00edtez Espinosa estuvo acompa\u00f1ada de las alumnas y alumnos de la Telesecundaria \u201cLic. \u00c1lvaro G\u00e1lvez y Fuentes\u201d. Adem\u00e1s del titular de la CODHEM, Mtro. V\u00edctor Leopoldo Delgado P\u00e9rez, a quien agradeci\u00f3 su apoyo por acercar estos servicios que refuerzan y garantizan que las y los ciudadanos conozcan y ejerzan sus derechos.<br><\/p>\n\n\n\n<p>Se\u00f1al\u00f3 que este esfuerzo busca brindar a las y los estudiantes herramientas que fortalezcan su formaci\u00f3n y contribuyan a construir una sociedad m\u00e1s justa y con valores.<br><\/p>\n\n\n\n<p>Ben\u00edtez Espinosa tambi\u00e9n acudi\u00f3 a la calle Independencia para dar inicio a la obra de Rehabilitaci\u00f3n y Ampliaci\u00f3n de Alumbrado P\u00fablico.<br><\/p>\n\n\n\n<p>En el lugar, se\u00f1al\u00f3 que esta obra beneficiar\u00e1 a las familias de la zona y fortalecer\u00e1 la seguridad de todos.<br><\/p>\n\n\n\n<figure class=\"wp-block-image size-large\"><img fetchpriority=\"high\" decoding=\"async\" width=\"1024\" height=\"506\" src=\"https:\/\/elinformante.mx\/wp-content\/uploads\/2025\/11\/12mexicaltzingo-2-1024x506.jpg\" alt=\"\" class=\"wp-image-95663\" srcset=\"https:\/\/elinformante.mx\/wp-content\/uploads\/2025\/11\/12mexicaltzingo-2-1024x506.jpg 1024w, https:\/\/elinformante.mx\/wp-content\/uploads\/2025\/11\/12mexicaltzingo-2-300x148.jpg 300w, https:\/\/elinformante.mx\/wp-content\/uploads\/2025\/11\/12mexicaltzingo-2-768x379.jpg 768w, https:\/\/elinformante.mx\/wp-content\/uploads\/2025\/11\/12mexicaltzingo-2.jpg 1140w\" sizes=\"(max-width: 1024px) 100vw, 1024px\" \/><\/figure>\n\n\n\n<p>Se\u00f1al\u00f3 que el trabajo en conjunto, ayuda a construir un Mexicaltzingo m\u00e1s digno para nuestra comunidad.<br><\/p>\n\n\n\n<p>Finaliz\u00f3 su jornada con la sesi\u00f3n de Atenci\u00f3n Ciudadana, donde se escucha, gestiona y se da respuesta a las necesidades de los vecinos de las localidades de Mexicaltzingo<br><\/p>\n\n\n\n<p>Se\u00f1al\u00f3 Ben\u00edtez Espinosa que escuchar, servir con empat\u00eda y resultados es la base de un gobierno que escucha y act\u00faa.<br><\/p>\n\n\n\n<p>El di\u00e1logo respetuoso es la mejor forma de resolver problem\u00e1ticas, adem\u00e1s de generar acuerdos y trabajar juntos en las mejoras que nuestro municipio necesita.<br><\/p>\n\n\n\n<p>Continuaremos por este camino para mantener un Mexicaltzingo con m\u00e1s armon\u00eda, orden y paz social, finaliz\u00f3 Saray Ben\u00edtez<\/p>\n","protected":false},"excerpt":{"rendered":"<p>Finaliz\u00f3 su jornada con la sesi\u00f3n de Atenci\u00f3n Ciudadana, donde se escucha, gestiona y se da respuesta a las necesidades de los vecinos de las localidades. Saray Ben\u00edtez Espinosa, presidenta municipal de Mexicaltzingo, encabez\u00f3 la inauguraci\u00f3n del Pabell\u00f3n Itinerante de Derechos Humanos, que es un espacio dedicado a promover el respeto, la igualdad y la [&hellip;]<\/p>\n","protected":false},"author":1,"featured_media":95662,"comment_status":"closed","ping_status":"closed","sticky":false,"template":"","format":"standard","meta":{"footnotes":""},"categories":[36],"tags":[],"class_list":["post-95658","post","type-post","status-publish","format-standard","has-post-thumbnail","hentry","category-edomex"],"_links":{"self":[{"href":"https:\/\/elinformante.mx\/index.php?rest_route=\/wp\/v2\/posts\/95658","targetHints":{"allow":["GET"]}}],"collection":[{"href":"https:\/\/elinformante.mx\/index.php?rest_route=\/wp\/v2\/posts"}],"about":[{"href":"https:\/\/elinformante.mx\/index.php?rest_route=\/wp\/v2\/types\/post"}],"author":[{"embeddable":true,"href":"https:\/\/elinformante.mx\/index.php?rest_route=\/wp\/v2\/users\/1"}],"replies":[{"embeddable":true,"href":"https:\/\/elinformante.mx\/index.php?rest_route=%2Fwp%2Fv2%2Fcomments&post=95658"}],"version-history":[{"count":0,"href":"https:\/\/elinformante.mx\/index.php?rest_route=\/wp\/v2\/posts\/95658\/revisions"}],"wp:featuredmedia":[{"embeddable":true,"href":"https:\/\/elinformante.mx\/index.php?rest_route=\/wp\/v2\/media\/95662"}],"wp:attachment":[{"href":"https:\/\/elinformante.mx\/index.php?rest_route=%2Fwp%2Fv2%2Fmedia&parent=95658"}],"wp:term":[{"taxonomy":"category","embeddable":true,"href":"https:\/\/elinformante.mx\/index.php?rest_route=%2Fwp%2Fv2%2Fcategories&post=95658"},{"taxonomy":"post_tag","embeddable":true,"href":"https:\/\/elinformante.mx\/index.php?rest_route=%2Fwp%2Fv2%2Ftags&post=95658"}],"curies":[{"name":"wp","href":"https:\/\/api.w.org\/{rel}","templated":true}]}}