{"id":95664,"date":"2025-11-07T06:04:13","date_gmt":"2025-11-07T12:04:13","guid":{"rendered":"https:\/\/elinformante.mx\/?p=95664"},"modified":"2025-11-07T06:04:18","modified_gmt":"2025-11-07T12:04:18","slug":"isaac-montoya-da-banderazo-de-inicio-a-la-construccion-de-nuevo-c4-en-la-victoria","status":"publish","type":"post","link":"https:\/\/elinformante.mx\/?p=95664","title":{"rendered":"Isaac Montoya da banderazo de inicio a la construcci\u00f3n de nuevo C4 en La Victoria"},"content":{"rendered":"\n<figure class=\"wp-block-pullquote\"><blockquote><p>-Montoya M\u00e1rquez coloc\u00f3 la primera piedra del nuevo C4, contar\u00e1 con tecnolog\u00eda de punta.<\/p><\/blockquote><\/figure>\n\n\n\n<p class=\"has-drop-cap\">En el municipio de Naucalpan, el presidente municipal Isaac Montoya M\u00e1rquez encabez\u00f3 la colocaci\u00f3n de la primera piedra del nuevo Centro de Comando, Control, Comunicaci\u00f3n y C\u00f3mputo (C4).<br><\/p>\n\n\n\n<p>Isaac Montoya estuvo acompa\u00f1ado por el titular del C4, Oscar Iv\u00e1n Arenas S\u00e1nchez, coordinadores de la Guardia Nacional, representantes del Ej\u00e9rcito Mexicano, de la Fiscal\u00eda Regional de Naucalpan y autoridades municipales.<br><\/p>\n\n\n\n<p>El alcalde agradeci\u00f3 el trabajo conjunto en las Mesas de Paz y el apoyo del Suteym Naucalpan, encabezado por Tom\u00e1s Palomares Parra, para mejorar las condiciones laborales del personal sindicalizado y de seguridad.<br><\/p>\n\n\n\n<p>Montoya record\u00f3 que el Predio La Victoria anteriormente serv\u00eda para resguardar unidades recolectoras de basura y que, con la nueva obra, se demoler\u00e1n y reubicar\u00e1n almacenes, oficinas y sanitarios existentes para dar paso al complejo de seguridad.<br><\/p>\n\n\n\n<p>Este nuevo y moderno C4 estar\u00e1 ubicado en el Predio La Victoria y sustituir\u00e1 al actual, que lleva casi 20 a\u00f1os en funcionamiento, adem\u00e1s se construir\u00e1 con tecnolog\u00eda avanzada y espacios funcionales.<br><\/p>\n\n\n\n<p>Durante el evento, Montoya subray\u00f3 que el objetivo es convertir este centro en uno de los m\u00e1s modernos del pa\u00eds, con capacidad para evolucionar hacia un C5 municipal.<br><\/p>\n\n\n\n<p>Afirm\u00f3 que su ubicaci\u00f3n permitir\u00e1 una conexi\u00f3n estrat\u00e9gica con todo el municipio.<br><\/p>\n\n\n\n<p>Montoya M\u00e1rquez destac\u00f3 que el nuevo C4 contribuir\u00e1 a seguir reduciendo los \u00edndices delictivos. As\u00ed lo se\u00f1alaron los datos brindados por la Fiscal\u00eda General de Justicia del Estado de M\u00e9xico y del Secretariado Ejecutivo del Sistema Nacional de Seguridad P\u00fablica.<br><\/p>\n\n\n\n<p>De acuerdo con los datos, comparando 2024 contra 2025, se report\u00f3 una disminuci\u00f3n del 32.81% en delitos de alto impacto, es decir, 1,904 casos menos que en el \u00faltimo a\u00f1o de la administraci\u00f3n anterior.<br><\/p>\n\n\n\n<p>Montoya M\u00e1rquez reiter\u00f3 que su gobierno impulsa un modelo de seguridad de Proximidad Social, enfocado en recuperar la confianza ciudadana. Inform\u00f3 que 200 nuevos elementos de la Academia de la Guardia Municipal est\u00e1n pr\u00f3ximos a graduarse para reforzar las labores de vigilancia.<br><\/p>\n\n\n\n<p>El nuevo C4 se construir\u00e1 en una superficie de 3,211 metros cuadrados, estar\u00e1 dividido en cuatro zonas: administrativa, de servicios, de monitoreo y \u00e1reas complementarias.<br><\/p>\n\n\n\n<p>Se\u00f1alaron que su edificaci\u00f3n ser\u00e1 r\u00e1pida gracias al uso de piezas prefabricadas.<br><\/p>\n\n\n\n<p>Adem\u00e1s, confirmaron que el \u00e1rea de monitoreo tendr\u00e1 469 metros cuadrados, con 36 estaciones, un site, cinco oficinas y un videowall de alta tecnolog\u00eda para observar en tiempo real las m\u00e1s de 600 c\u00e1maras de videovigilancia instaladas en el municipio.<br><\/p>\n\n\n\n<p>Contar\u00e1 con dormitorios para mujeres y hombres, comedor, biblioteca, \u00e1rea de lockers, vest\u00edbulo, sala de capacitaci\u00f3n y museo archivo. En este mismo espacio se integrar\u00e1n unidades de Protecci\u00f3n Civil, Bomberos y Param\u00e9dicos, con el fin de mejorar la capacidad de respuesta ante emergencias.<br><\/p>\n\n\n\n<p>Montoya afirm\u00f3 que este proyecto dignificar\u00e1 las labores de la Guardia Municipal al ofrecer entornos modernos y tecnol\u00f3gicos.<\/p>\n","protected":false},"excerpt":{"rendered":"<p>-Montoya M\u00e1rquez coloc\u00f3 la primera piedra del nuevo C4, contar\u00e1 con tecnolog\u00eda de punta. En el municipio de Naucalpan, el presidente municipal Isaac Montoya M\u00e1rquez encabez\u00f3 la colocaci\u00f3n de la primera piedra del nuevo Centro de Comando, Control, Comunicaci\u00f3n y C\u00f3mputo (C4). Isaac Montoya estuvo acompa\u00f1ado por el titular del C4, Oscar Iv\u00e1n Arenas S\u00e1nchez, [&hellip;]<\/p>\n","protected":false},"author":1,"featured_media":95665,"comment_status":"closed","ping_status":"closed","sticky":false,"template":"","format":"standard","meta":{"footnotes":""},"categories":[30,36],"tags":[],"class_list":["post-95664","post","type-post","status-publish","format-standard","has-post-thumbnail","hentry","category-destacado","category-edomex"],"_links":{"self":[{"href":"https:\/\/elinformante.mx\/index.php?rest_route=\/wp\/v2\/posts\/95664","targetHints":{"allow":["GET"]}}],"collection":[{"href":"https:\/\/elinformante.mx\/index.php?rest_route=\/wp\/v2\/posts"}],"about":[{"href":"https:\/\/elinformante.mx\/index.php?rest_route=\/wp\/v2\/types\/post"}],"author":[{"embeddable":true,"href":"https:\/\/elinformante.mx\/index.php?rest_route=\/wp\/v2\/users\/1"}],"replies":[{"embeddable":true,"href":"https:\/\/elinformante.mx\/index.php?rest_route=%2Fwp%2Fv2%2Fcomments&post=95664"}],"version-history":[{"count":0,"href":"https:\/\/elinformante.mx\/index.php?rest_route=\/wp\/v2\/posts\/95664\/revisions"}],"wp:featuredmedia":[{"embeddable":true,"href":"https:\/\/elinformante.mx\/index.php?rest_route=\/wp\/v2\/media\/95665"}],"wp:attachment":[{"href":"https:\/\/elinformante.mx\/index.php?rest_route=%2Fwp%2Fv2%2Fmedia&parent=95664"}],"wp:term":[{"taxonomy":"category","embeddable":true,"href":"https:\/\/elinformante.mx\/index.php?rest_route=%2Fwp%2Fv2%2Fcategories&post=95664"},{"taxonomy":"post_tag","embeddable":true,"href":"https:\/\/elinformante.mx\/index.php?rest_route=%2Fwp%2Fv2%2Ftags&post=95664"}],"curies":[{"name":"wp","href":"https:\/\/api.w.org\/{rel}","templated":true}]}}