{"id":95666,"date":"2025-11-07T06:15:58","date_gmt":"2025-11-07T12:15:58","guid":{"rendered":"https:\/\/elinformante.mx\/?p=95666"},"modified":"2025-11-07T06:16:01","modified_gmt":"2025-11-07T12:16:01","slug":"se-crea-en-metepec-la-primera-policia-de-atencion-ambiental-y-proteccion-animal-fernando-flores","status":"publish","type":"post","link":"https:\/\/elinformante.mx\/?p=95666","title":{"rendered":"Se crea en Metepec la primera Polic\u00eda de Atenci\u00f3n Ambiental y Protecci\u00f3n Animal: Fernando Flores"},"content":{"rendered":"\n<figure class=\"wp-block-pullquote\"><blockquote><p>-Flores Fern\u00e1ndez encabez\u00f3 la presentaci\u00f3n del cuerpo especial, integrado por elementos capacitados y cuatro binomios caninos.<\/p><\/blockquote><\/figure>\n\n\n\n<p class=\"has-drop-cap\">El gobierno municipal de Metepec, encabezado por el presidente municipal Fernando Flores Fern\u00e1ndez, puso en marcha la primera Polic\u00eda de Atenci\u00f3n Ambiental y Protecci\u00f3n Animal (PAAPA), un agrupamiento especializado que operar\u00e1 dentro de la corporaci\u00f3n de seguridad p\u00fablica para salvaguardar el entorno natural y el bienestar de los animales.<br><\/p>\n\n\n\n<p>Flores Fern\u00e1ndez encabez\u00f3 la presentaci\u00f3n del cuerpo especial, integrado por elementos capacitados y cuatro binomios caninos que realizar\u00e1n labores de prevenci\u00f3n, vigilancia, atenci\u00f3n y, en su caso, aseguramiento de personas que incurran en actos contra la vida animal o los recursos naturales.<br><\/p>\n\n\n\n<p>Durante la presentaci\u00f3n destac\u00f3 que esta nueva unidad trabajar\u00e1 en coordinaci\u00f3n con la Direcci\u00f3n de Medio Ambiente y la Coordinaci\u00f3n de Protecci\u00f3n Civil municipal, con el prop\u00f3sito de consolidar un modelo de seguridad con enfoque ambiental y de bienestar animal.<br><\/p>\n\n\n\n<p>Subray\u00f3 que este esfuerzo busca promover la corresponsabilidad ciudadana y fortalecer la protecci\u00f3n institucional para un municipio justo, seguro y sustentable.<br><\/p>\n\n\n\n<figure class=\"wp-block-image size-large\"><img fetchpriority=\"high\" decoding=\"async\" width=\"1024\" height=\"506\" src=\"https:\/\/elinformante.mx\/wp-content\/uploads\/2025\/11\/11metepec-3-1024x506.jpg\" alt=\"\" class=\"wp-image-95668\" srcset=\"https:\/\/elinformante.mx\/wp-content\/uploads\/2025\/11\/11metepec-3-1024x506.jpg 1024w, https:\/\/elinformante.mx\/wp-content\/uploads\/2025\/11\/11metepec-3-300x148.jpg 300w, https:\/\/elinformante.mx\/wp-content\/uploads\/2025\/11\/11metepec-3-768x379.jpg 768w, https:\/\/elinformante.mx\/wp-content\/uploads\/2025\/11\/11metepec-3.jpg 1140w\" sizes=\"(max-width: 1024px) 100vw, 1024px\" \/><\/figure>\n\n\n\n<p>Flores Fern\u00e1ndez mencion\u00f3 que la creaci\u00f3n de la PAAPA responde a una demanda social que busca garantizar atenci\u00f3n jur\u00eddica ante hechos de maltrato animal y afectaciones ecol\u00f3gicas. Entre sus atribuciones se encuentra intervenir en casos de abandono, contaminaci\u00f3n o da\u00f1o ambiental, conforme a lo establecido en la Ley de Justicia C\u00edvica del Estado de M\u00e9xico y Municipios.<br><\/p>\n\n\n\n<p>Esta nueva unidad tambi\u00e9n se encargar\u00e1 de prevenir tiraderos clandestinos, tala irregular, incendios provocados y contaminaci\u00f3n urbana, adem\u00e1s de promover campa\u00f1as de educaci\u00f3n y cultura ambiental enfocadas en la protecci\u00f3n del entorno y de los seres sintientes.<br><\/p>\n\n\n\n<p>Flores Fern\u00e1ndez exhort\u00f3 a la poblaci\u00f3n a participar activamente denunciando cualquier acto que atente contra los animales o el medio ambiente.<br><\/p>\n\n\n\n<p>Ante vecinos, asociaciones protectoras de animales, colectivos ambientales y representantes del Consejo Municipal de Protecci\u00f3n a la Biodiversidad y el Desarrollo Sostenible (Comprobides), el edil reafirm\u00f3 que el objetivo es hacer de Metepec un referente en protecci\u00f3n ecol\u00f3gica y justicia ambiental.<\/p>\n","protected":false},"excerpt":{"rendered":"<p>-Flores Fern\u00e1ndez encabez\u00f3 la presentaci\u00f3n del cuerpo especial, integrado por elementos capacitados y cuatro binomios caninos. El gobierno municipal de Metepec, encabezado por el presidente municipal Fernando Flores Fern\u00e1ndez, puso en marcha la primera Polic\u00eda de Atenci\u00f3n Ambiental y Protecci\u00f3n Animal (PAAPA), un agrupamiento especializado que operar\u00e1 dentro de la corporaci\u00f3n de seguridad p\u00fablica para [&hellip;]<\/p>\n","protected":false},"author":1,"featured_media":95667,"comment_status":"closed","ping_status":"closed","sticky":false,"template":"","format":"standard","meta":{"footnotes":""},"categories":[36],"tags":[],"class_list":["post-95666","post","type-post","status-publish","format-standard","has-post-thumbnail","hentry","category-edomex"],"_links":{"self":[{"href":"https:\/\/elinformante.mx\/index.php?rest_route=\/wp\/v2\/posts\/95666","targetHints":{"allow":["GET"]}}],"collection":[{"href":"https:\/\/elinformante.mx\/index.php?rest_route=\/wp\/v2\/posts"}],"about":[{"href":"https:\/\/elinformante.mx\/index.php?rest_route=\/wp\/v2\/types\/post"}],"author":[{"embeddable":true,"href":"https:\/\/elinformante.mx\/index.php?rest_route=\/wp\/v2\/users\/1"}],"replies":[{"embeddable":true,"href":"https:\/\/elinformante.mx\/index.php?rest_route=%2Fwp%2Fv2%2Fcomments&post=95666"}],"version-history":[{"count":0,"href":"https:\/\/elinformante.mx\/index.php?rest_route=\/wp\/v2\/posts\/95666\/revisions"}],"wp:featuredmedia":[{"embeddable":true,"href":"https:\/\/elinformante.mx\/index.php?rest_route=\/wp\/v2\/media\/95667"}],"wp:attachment":[{"href":"https:\/\/elinformante.mx\/index.php?rest_route=%2Fwp%2Fv2%2Fmedia&parent=95666"}],"wp:term":[{"taxonomy":"category","embeddable":true,"href":"https:\/\/elinformante.mx\/index.php?rest_route=%2Fwp%2Fv2%2Fcategories&post=95666"},{"taxonomy":"post_tag","embeddable":true,"href":"https:\/\/elinformante.mx\/index.php?rest_route=%2Fwp%2Fv2%2Ftags&post=95666"}],"curies":[{"name":"wp","href":"https:\/\/api.w.org\/{rel}","templated":true}]}}