{"id":95693,"date":"2025-11-07T06:44:32","date_gmt":"2025-11-07T12:44:32","guid":{"rendered":"https:\/\/elinformante.mx\/?p=95693"},"modified":"2025-11-07T06:44:35","modified_gmt":"2025-11-07T12:44:35","slug":"venustiano-carranza-ejerce-mas-de-la-mitad-del-presupuesto-aprobado","status":"publish","type":"post","link":"https:\/\/elinformante.mx\/?p=95693","title":{"rendered":"Venustiano Carranza ejerce m\u00e1s de la mitad del presupuesto aprobado"},"content":{"rendered":"\n<figure class=\"wp-block-pullquote\"><blockquote><p>-La demarcaci\u00f3n indic\u00f3 que esto consolida su transparencia en el uso eficiente y responsable de los recursos p\u00fablicos.<\/p><\/blockquote><\/figure>\n\n\n\n<p class=\"has-drop-cap\">La alcald\u00eda Venustiano Carranza, encabezada por Evelyn Parra, se posicion\u00f3 como la n\u00famero uno en ejercicio presupuestal entre las 16 demarcaciones de la Ciudad de M\u00e9xico al cierre del tercer trimestre de 2025.<br><\/p>\n\n\n\n<p>La demarcaci\u00f3n indic\u00f3 que esto consolida su transparencia en el uso eficiente y responsable de los recursos p\u00fablicos.<br><\/p>\n\n\n\n<p>La Alcald\u00eda Venustiano Carranza ha ejercido m\u00e1s de la mitad del presupuesto aprobado al cierre del tercer trimestre de 2025.<br><\/p>\n\n\n\n<figure class=\"wp-block-image size-large\"><img fetchpriority=\"high\" decoding=\"async\" width=\"1024\" height=\"506\" src=\"https:\/\/elinformante.mx\/wp-content\/uploads\/2025\/11\/6venustiano-2-1024x506.jpg\" alt=\"\" class=\"wp-image-95695\" srcset=\"https:\/\/elinformante.mx\/wp-content\/uploads\/2025\/11\/6venustiano-2-1024x506.jpg 1024w, https:\/\/elinformante.mx\/wp-content\/uploads\/2025\/11\/6venustiano-2-300x148.jpg 300w, https:\/\/elinformante.mx\/wp-content\/uploads\/2025\/11\/6venustiano-2-768x379.jpg 768w, https:\/\/elinformante.mx\/wp-content\/uploads\/2025\/11\/6venustiano-2.jpg 1140w\" sizes=\"(max-width: 1024px) 100vw, 1024px\" \/><\/figure>\n\n\n\n<p>De acuerdo con datos de la Secretar\u00eda de Finanzas del Gobierno de la Ciudad de M\u00e9xico, el ejercicio presupuestal en la alcald\u00eda que encabeza Evelyn Parra refleja la planeaci\u00f3n y la estrategia de gasto.<br><\/p>\n\n\n\n<p>Lejos de caer en subejercicio, en Venustiano Carranza se ha ejercido el presupuesto en el mantenimiento de espacios p\u00fablicos, la modernizaci\u00f3n del alumbrado y el fortalecimiento de programas sociales, culturales y deportivos.<br><\/p>\n\n\n\n<p>Venustiano Carranza indic\u00f3 que se consolida como una alcald\u00eda modelo en planeaci\u00f3n, ejecuci\u00f3n y transparencia financiera, reafirmando su compromiso con la rendici\u00f3n de cuentas y el desarrollo integral de su comunidad.<br><\/p>\n\n\n\n<p>La alcaldesa Evelyn Parra destac\u00f3 que este logro es fruto del trabajo comprometido de su equipo y de la confianza de la ciudadan\u00eda, refrendando su prop\u00f3sito de seguir haciendo de Venustiano Carranza la demarcaci\u00f3n que m\u00e1s cumple con su gente.<\/p>\n","protected":false},"excerpt":{"rendered":"<p>-La demarcaci\u00f3n indic\u00f3 que esto consolida su transparencia en el uso eficiente y responsable de los recursos p\u00fablicos. La alcald\u00eda Venustiano Carranza, encabezada por Evelyn Parra, se posicion\u00f3 como la n\u00famero uno en ejercicio presupuestal entre las 16 demarcaciones de la Ciudad de M\u00e9xico al cierre del tercer trimestre de 2025. La demarcaci\u00f3n indic\u00f3 que [&hellip;]<\/p>\n","protected":false},"author":1,"featured_media":95694,"comment_status":"closed","ping_status":"closed","sticky":false,"template":"","format":"standard","meta":{"footnotes":""},"categories":[35],"tags":[],"class_list":["post-95693","post","type-post","status-publish","format-standard","has-post-thumbnail","hentry","category-cdmx"],"_links":{"self":[{"href":"https:\/\/elinformante.mx\/index.php?rest_route=\/wp\/v2\/posts\/95693","targetHints":{"allow":["GET"]}}],"collection":[{"href":"https:\/\/elinformante.mx\/index.php?rest_route=\/wp\/v2\/posts"}],"about":[{"href":"https:\/\/elinformante.mx\/index.php?rest_route=\/wp\/v2\/types\/post"}],"author":[{"embeddable":true,"href":"https:\/\/elinformante.mx\/index.php?rest_route=\/wp\/v2\/users\/1"}],"replies":[{"embeddable":true,"href":"https:\/\/elinformante.mx\/index.php?rest_route=%2Fwp%2Fv2%2Fcomments&post=95693"}],"version-history":[{"count":0,"href":"https:\/\/elinformante.mx\/index.php?rest_route=\/wp\/v2\/posts\/95693\/revisions"}],"wp:featuredmedia":[{"embeddable":true,"href":"https:\/\/elinformante.mx\/index.php?rest_route=\/wp\/v2\/media\/95694"}],"wp:attachment":[{"href":"https:\/\/elinformante.mx\/index.php?rest_route=%2Fwp%2Fv2%2Fmedia&parent=95693"}],"wp:term":[{"taxonomy":"category","embeddable":true,"href":"https:\/\/elinformante.mx\/index.php?rest_route=%2Fwp%2Fv2%2Fcategories&post=95693"},{"taxonomy":"post_tag","embeddable":true,"href":"https:\/\/elinformante.mx\/index.php?rest_route=%2Fwp%2Fv2%2Ftags&post=95693"}],"curies":[{"name":"wp","href":"https:\/\/api.w.org\/{rel}","templated":true}]}}