{"id":95700,"date":"2025-11-07T06:53:23","date_gmt":"2025-11-07T12:53:23","guid":{"rendered":"https:\/\/elinformante.mx\/?p=95700"},"modified":"2025-11-07T06:53:26","modified_gmt":"2025-11-07T12:53:26","slug":"anuncia-evelyn-salgado-jornada-cultural-y-academica-semana-altamiranista-en-tixtla","status":"publish","type":"post","link":"https:\/\/elinformante.mx\/?p=95700","title":{"rendered":"Anuncia Evelyn Salgado jornada cultural y acad\u00e9mica \u201cSemana Altamiranista\u201d en Tixtla"},"content":{"rendered":"\n<figure class=\"wp-block-pullquote\"><blockquote><p>-Con m\u00e1s de 40 actividades, Tixtla honra el legado de Ignacio Manuel Altamirano del 11 al 16 de noviembre<\/p><\/blockquote><\/figure>\n\n\n\n<p class=\"has-drop-cap\">La gobernadora Evelyn Salgado Pineda, junto con la secretaria de Cultura, A\u00edda Mart\u00ednez Rebolledo, anunci\u00f3 la edici\u00f3n n\u00famero 36 de la Semana Altamiranista, que se llevar\u00e1 a cabo del 11 al 16 de noviembre en el municipio de Tixtla de Guerrero, cuna del ilustre Ignacio Manuel Altamirano.<br><\/p>\n\n\n\n<p>Con m\u00e1s de 40 eventos acad\u00e9micos, art\u00edsticos y culturales, esta jornada rendir\u00e1 homenaje al pensamiento, la palabra y al legado del escritor, periodista, pol\u00edtico y educador guerrerense, en el marco del 194 aniversario de su natalicio.<br><\/p>\n\n\n\n<p>La gobernadora destac\u00f3 que esta celebraci\u00f3n fortalece la identidad cultural y educativa de Guerrero, recordando que Altamirano sent\u00f3 las bases de una educaci\u00f3n laica, gratuita y humanista en M\u00e9xico.<br><\/p>\n\n\n\n<p>Las actividades se desarrollar\u00e1n principalmente en la Plaza Ignacio Manuel Altamirano de Tixtla, donde los asistentes podr\u00e1n disfrutar de conferencias, presentaciones de libros, m\u00fasica, danza, exposiciones, mesas de di\u00e1logo y una muestra gastron\u00f3mica con los sabores tradicionales del municipio.<br><\/p>\n\n\n\n<p>La Semana Altamiranista incluir\u00e1 adem\u00e1s la Expo de artesanos y artesanas locales, la exposici\u00f3n fotogr\u00e1fica \u201cTradiciones y rincones de Tixtla\u201d, y expoferia del pozole y el mezcal, adem\u00e1s de la entrega del Premio Nacional de Novela y Poes\u00eda \u201cIgnacio Manuel Altamirano\u201d, uno de los galardones literarios m\u00e1s emblem\u00e1ticos de Guerrero.<br><\/p>\n\n\n\n<p>El presidente municipal, Alberto Michi Campos, agradeci\u00f3 el respaldo del gobierno estatal para la realizaci\u00f3n de esta importante festividad, la cual, dijo, reposiciona a Tixtla como un referente cultural e hist\u00f3rico del estado, adem\u00e1s de impulsar el turismo y la econom\u00eda local.<\/p>\n","protected":false},"excerpt":{"rendered":"<p>-Con m\u00e1s de 40 actividades, Tixtla honra el legado de Ignacio Manuel Altamirano del 11 al 16 de noviembre La gobernadora Evelyn Salgado Pineda, junto con la secretaria de Cultura, A\u00edda Mart\u00ednez Rebolledo, anunci\u00f3 la edici\u00f3n n\u00famero 36 de la Semana Altamiranista, que se llevar\u00e1 a cabo del 11 al 16 de noviembre en el [&hellip;]<\/p>\n","protected":false},"author":1,"featured_media":95703,"comment_status":"closed","ping_status":"closed","sticky":false,"template":"","format":"standard","meta":{"footnotes":""},"categories":[34],"tags":[],"class_list":["post-95700","post","type-post","status-publish","format-standard","has-post-thumbnail","hentry","category-nacional"],"_links":{"self":[{"href":"https:\/\/elinformante.mx\/index.php?rest_route=\/wp\/v2\/posts\/95700","targetHints":{"allow":["GET"]}}],"collection":[{"href":"https:\/\/elinformante.mx\/index.php?rest_route=\/wp\/v2\/posts"}],"about":[{"href":"https:\/\/elinformante.mx\/index.php?rest_route=\/wp\/v2\/types\/post"}],"author":[{"embeddable":true,"href":"https:\/\/elinformante.mx\/index.php?rest_route=\/wp\/v2\/users\/1"}],"replies":[{"embeddable":true,"href":"https:\/\/elinformante.mx\/index.php?rest_route=%2Fwp%2Fv2%2Fcomments&post=95700"}],"version-history":[{"count":0,"href":"https:\/\/elinformante.mx\/index.php?rest_route=\/wp\/v2\/posts\/95700\/revisions"}],"wp:featuredmedia":[{"embeddable":true,"href":"https:\/\/elinformante.mx\/index.php?rest_route=\/wp\/v2\/media\/95703"}],"wp:attachment":[{"href":"https:\/\/elinformante.mx\/index.php?rest_route=%2Fwp%2Fv2%2Fmedia&parent=95700"}],"wp:term":[{"taxonomy":"category","embeddable":true,"href":"https:\/\/elinformante.mx\/index.php?rest_route=%2Fwp%2Fv2%2Fcategories&post=95700"},{"taxonomy":"post_tag","embeddable":true,"href":"https:\/\/elinformante.mx\/index.php?rest_route=%2Fwp%2Fv2%2Ftags&post=95700"}],"curies":[{"name":"wp","href":"https:\/\/api.w.org\/{rel}","templated":true}]}}