{"id":95704,"date":"2025-11-07T06:55:05","date_gmt":"2025-11-07T12:55:05","guid":{"rendered":"https:\/\/elinformante.mx\/?p=95704"},"modified":"2025-11-07T06:55:15","modified_gmt":"2025-11-07T12:55:15","slug":"inaugura-mara-lezama-en-cancun-la-45a-muestra-nacional-de-teatro","status":"publish","type":"post","link":"https:\/\/elinformante.mx\/?p=95704","title":{"rendered":"Inaugura Mara Lezama en Canc\u00fan la 45\u00aa Muestra Nacional de Teatro"},"content":{"rendered":"\n<figure class=\"wp-block-pullquote\"><blockquote><p>-Desde el Teatro de la Ciudad de Canc\u00fan, la Gobernadora resalta que el arte y la cultura son el alma de una sociedad y pilares para la transformaci\u00f3n y la justicia social.<\/p><\/blockquote><\/figure>\n\n\n\n<p class=\"has-drop-cap\">Con una emotiva ceremonia realizada en el Teatro de la Ciudad, la gobernadora Mara Lezama Espinosa inaugur\u00f3 la 45\u00aa Muestra Nacional de Teatro, un evento sin precedentes que por primera vez tiene como sede al municipio de Benito Ju\u00e1rez.<br><\/p>\n\n\n\n<p>La Gobernadora subray\u00f3 que este encuentro representa un acto de justicia cultural y una muestra del poder transformador del arte. Record\u00f3 que el Teatro de la Ciudad, hoy lleno de vida y talento, fue durante a\u00f1os una estructura abandonada, \u201cuna herida en medio de la ciudad\u201d, hasta que se convirti\u00f3 en s\u00edmbolo de esperanza y transformaci\u00f3n.<br><\/p>\n\n\n\n<p>\u201cNo hay inversi\u00f3n m\u00e1s importante que la que se hace en el alma de la gente, porque el arte, la cultura y la educaci\u00f3n son eso: el alma de una sociedad\u201d, expres\u00f3 ante la presencia de la directora general del Instituto Nacional de Bellas Artes y Literatura (INBAL), Alejandra de la Paz, y Ver\u00f3nica Maldonado, directora art\u00edstica de la 45 Muestra Nacional de Teatro.<br><\/p>\n\n\n\n<p>Con 87 actividades programadas, la muestra se desarrollar\u00e1 del 6 al 15 de noviembre con el tema Migraci\u00f3n, Mestizaje y Multiculturalidad. Habr\u00e1 29 obras con m\u00e1s de 500 artistas de 16 estados del pa\u00eds como Ciudad de M\u00e9xico, Jalisco, Sonora, Chihuahua, Veracruz, Aguascalientes, Chiapas, Yucat\u00e1n, Nuevo Le\u00f3n. Adem\u00e1s, habr\u00e1 talleres, charlas y mesas de di\u00e1logo.<br><\/p>\n\n\n\n<p>Destac\u00f3 que la llegada de la Muestra Nacional de Teatro a Canc\u00fan marca un parteaguas en la descentralizaci\u00f3n cultural del pa\u00eds, reconociendo el talento de artistas locales y consolidando a Quintana Roo como un referente cultural nacional.<br><\/p>\n\n\n\n<p>La Gobernadora agradeci\u00f3 el respaldo del Gobierno de M\u00e9xico, encabezado por la presidenta Claudia Sheinbaum Pardo, as\u00ed como de la Secretar\u00eda de Cultura, el INBAL, el Ayuntamiento de Benito Ju\u00e1rez y el Instituto de la Cultura y las Artes de Canc\u00fan, por hacer posible este encuentro que re\u00fane a compa\u00f1\u00edas y creadores de 16 estados del pa\u00eds.<br><\/p>\n\n\n\n<p>Record\u00f3 que la renovaci\u00f3n del Teatro de la Ciudad fue uno de los primeros proyectos impulsados durante su gesti\u00f3n municipal, con el prop\u00f3sito de dignificar los espacios para el arte y ofrecer un foro de calidad para el talento quintanarroense y nacional.<br><\/p>\n\n\n\n<p>Finalmente, reiter\u00f3 que en su gobierno, de inspiraci\u00f3n humanista y con coraz\u00f3n feminista, la Cuarta Transformaci\u00f3n tambi\u00e9n se construye desde la cultura, al acercar el arte a las comunidades, combatir la desigualdad y fortalecer la identidad colectiva.<br><\/p>\n\n\n\n<p>Alejandra de la Paz, directora general del INBAL, agradeci\u00f3 a Mara Lezama por impulsar el teatro en Quintana Roo, y reconoci\u00f3 la colaboraci\u00f3n de todas y todos quienes hicieron posible esta Muestra.<br><\/p>\n\n\n\n<p>Luis Mario Moncada, coordinador nacional de Teatro, expres\u00f3 que esta actividad permite recoger experiencias y reconocernos. Asegur\u00f3 que Canc\u00fan es un laboratorio para experimentar lo que es comunidad, pues su multiculturalidad lo hace \u00fanico.<br><\/p>\n\n\n\n<p>La presidenta municipal Ana Paty Peralta de la Pe\u00f1a destac\u00f3 que por primera vez, en 55 a\u00f1os, Canc\u00fan recibe esta Muestra Nacional de Teatro y agradeci\u00f3 a todas y todos por confiar y al equipo de cultura por hacer esto posible.<\/p>\n","protected":false},"excerpt":{"rendered":"<p>-Desde el Teatro de la Ciudad de Canc\u00fan, la Gobernadora resalta que el arte y la cultura son el alma de una sociedad y pilares para la transformaci\u00f3n y la justicia social. Con una emotiva ceremonia realizada en el Teatro de la Ciudad, la gobernadora Mara Lezama Espinosa inaugur\u00f3 la 45\u00aa Muestra Nacional de Teatro, [&hellip;]<\/p>\n","protected":false},"author":1,"featured_media":95705,"comment_status":"closed","ping_status":"closed","sticky":false,"template":"","format":"standard","meta":{"footnotes":""},"categories":[30,34],"tags":[],"class_list":["post-95704","post","type-post","status-publish","format-standard","has-post-thumbnail","hentry","category-destacado","category-nacional"],"_links":{"self":[{"href":"https:\/\/elinformante.mx\/index.php?rest_route=\/wp\/v2\/posts\/95704","targetHints":{"allow":["GET"]}}],"collection":[{"href":"https:\/\/elinformante.mx\/index.php?rest_route=\/wp\/v2\/posts"}],"about":[{"href":"https:\/\/elinformante.mx\/index.php?rest_route=\/wp\/v2\/types\/post"}],"author":[{"embeddable":true,"href":"https:\/\/elinformante.mx\/index.php?rest_route=\/wp\/v2\/users\/1"}],"replies":[{"embeddable":true,"href":"https:\/\/elinformante.mx\/index.php?rest_route=%2Fwp%2Fv2%2Fcomments&post=95704"}],"version-history":[{"count":0,"href":"https:\/\/elinformante.mx\/index.php?rest_route=\/wp\/v2\/posts\/95704\/revisions"}],"wp:featuredmedia":[{"embeddable":true,"href":"https:\/\/elinformante.mx\/index.php?rest_route=\/wp\/v2\/media\/95705"}],"wp:attachment":[{"href":"https:\/\/elinformante.mx\/index.php?rest_route=%2Fwp%2Fv2%2Fmedia&parent=95704"}],"wp:term":[{"taxonomy":"category","embeddable":true,"href":"https:\/\/elinformante.mx\/index.php?rest_route=%2Fwp%2Fv2%2Fcategories&post=95704"},{"taxonomy":"post_tag","embeddable":true,"href":"https:\/\/elinformante.mx\/index.php?rest_route=%2Fwp%2Fv2%2Ftags&post=95704"}],"curies":[{"name":"wp","href":"https:\/\/api.w.org\/{rel}","templated":true}]}}