{"id":95805,"date":"2025-11-11T05:43:41","date_gmt":"2025-11-11T11:43:41","guid":{"rendered":"https:\/\/elinformante.mx\/?p=95805"},"modified":"2025-11-11T05:43:43","modified_gmt":"2025-11-11T11:43:43","slug":"angelica-vale-confirma-su-divorcio-de-otto-padron","status":"publish","type":"post","link":"https:\/\/elinformante.mx\/?p=95805","title":{"rendered":"Ang\u00e9lica Vale confirma su divorcio de Otto Padr\u00f3n"},"content":{"rendered":"\n<figure class=\"wp-block-pullquote\"><blockquote><p>-La actriz Ang\u00e9lica Vale habl\u00f3 por primera vez sobre su separaci\u00f3n de Otto Padr\u00f3n tras 14 a\u00f1os de matrimonio y comparti\u00f3 c\u00f3mo se enter\u00f3 de la demanda.<\/p><\/blockquote><\/figure>\n\n\n\n<p class=\"has-drop-cap\">Despu\u00e9s de darse a conocer que despu\u00e9s de 14 a\u00f1os de matrimonio, Ang\u00e9lica Vale enfrenta una demanda de divorcio que present\u00f3 Otto Padr\u00f3n en la Corte Superior de Los \u00c1ngeles el pasado 4 de noviembre, la actriz confirm\u00f3 la noticia.<br><\/p>\n\n\n\n<p>La actriz habl\u00f3 del tema durante su programa La Vale Show, donde revel\u00f3 que ella se enter\u00f3 al mismo tiempo que la informaci\u00f3n se hizo p\u00fablica.<br><\/p>\n\n\n\n<p>Ang\u00e9lica Vale confirm\u00f3, entre l\u00e1grimas, que se encuentra en proceso de divorcio de Otto Padr\u00f3n, con quien tuvo un matrimonio de 14 a\u00f1os y con quien procre\u00f3 dos hijos: Daniel Nicol\u00e1s de 14 a\u00f1os y Ang\u00e9lica Masiel, de 12.<br><\/p>\n\n\n\n<p>\u201cAhora s\u00ed ya lleg\u00f3 el momento de hablar. Estoy temblando, la verdad, estoy temblando, nunca pens\u00e9 que iba a vivir un momento as\u00ed en mi vida\u201d, dijo. \u201cPrimero, les tengo que decir que s\u00ed, s\u00ed es cierto, s\u00ed es cierto que me estoy divorciando. Es cierto que desde abril estoy separada, ya no vivimos juntos\u201d, agreg\u00f3.<br><\/p>\n\n\n\n<p>La actriz asegur\u00f3 que esta noticia me tom\u00f3 por sorpresa, pues se enter\u00f3 de la demanda de divorcio justo cuando estaba cenando con Padr\u00f3n y unos amigos<br><\/p>\n\n\n\n<p>Ang\u00e9lica asegur\u00f3 que, seg\u00fan el pap\u00e1 de sus hijos, no sab\u00eda que sus abogados ya hab\u00edan puesto la demanda en la corte.<br><\/p>\n\n\n\n<p>A pesar de que ya no viven desde abril, la cantante declar\u00f3 que mantiene una relaci\u00f3n cordial con el empresario por sus hijos, Ang\u00e9lica y Daniel.<br><\/p>\n\n\n\n<p>Con l\u00e1grimas en los ojos y visiblemente conmovida, Ang\u00e9lica Vale ley\u00f3 un comunicado de prensa que tambi\u00e9n comparti\u00f3 en sus redes sociales en el que aclara la raz\u00f3n por la que quiso hablar sobre que su historia de amor con Otto Padr\u00f3n lleg\u00f3 a su fin.<br><\/p>\n\n\n\n<p>En su mensaje, Ang\u00e9lica se sincer\u00f3 sobre su proceso personal tras anunciar su separaci\u00f3n y habl\u00f3 del amor, la gratitud y las lecciones que le deja su matrimonio y su deseo de mantenerse fuerte ante la adversidad.<br><\/p>\n\n\n\n<p>A pocas horas de celebrar su cumplea\u00f1os n\u00famero 50, Ang\u00e9lica Vale comparti\u00f3 un mensaje lleno de gratitud. La actriz reflexion\u00f3 sobre las experiencias que ha vivido a lo largo de su vida y expres\u00f3 su entusiasmo por lo que est\u00e1 por venir, reafirmando su conexi\u00f3n con el p\u00fablico que la ha acompa\u00f1ado durante su carrera.<\/p>\n","protected":false},"excerpt":{"rendered":"<p>-La actriz Ang\u00e9lica Vale habl\u00f3 por primera vez sobre su separaci\u00f3n de Otto Padr\u00f3n tras 14 a\u00f1os de matrimonio y comparti\u00f3 c\u00f3mo se enter\u00f3 de la demanda. Despu\u00e9s de darse a conocer que despu\u00e9s de 14 a\u00f1os de matrimonio, Ang\u00e9lica Vale enfrenta una demanda de divorcio que present\u00f3 Otto Padr\u00f3n en la Corte Superior de [&hellip;]<\/p>\n","protected":false},"author":1,"featured_media":95813,"comment_status":"closed","ping_status":"closed","sticky":false,"template":"","format":"standard","meta":{"footnotes":""},"categories":[30,39],"tags":[],"class_list":["post-95805","post","type-post","status-publish","format-standard","has-post-thumbnail","hentry","category-destacado","category-espectaculos"],"_links":{"self":[{"href":"https:\/\/elinformante.mx\/index.php?rest_route=\/wp\/v2\/posts\/95805","targetHints":{"allow":["GET"]}}],"collection":[{"href":"https:\/\/elinformante.mx\/index.php?rest_route=\/wp\/v2\/posts"}],"about":[{"href":"https:\/\/elinformante.mx\/index.php?rest_route=\/wp\/v2\/types\/post"}],"author":[{"embeddable":true,"href":"https:\/\/elinformante.mx\/index.php?rest_route=\/wp\/v2\/users\/1"}],"replies":[{"embeddable":true,"href":"https:\/\/elinformante.mx\/index.php?rest_route=%2Fwp%2Fv2%2Fcomments&post=95805"}],"version-history":[{"count":0,"href":"https:\/\/elinformante.mx\/index.php?rest_route=\/wp\/v2\/posts\/95805\/revisions"}],"wp:featuredmedia":[{"embeddable":true,"href":"https:\/\/elinformante.mx\/index.php?rest_route=\/wp\/v2\/media\/95813"}],"wp:attachment":[{"href":"https:\/\/elinformante.mx\/index.php?rest_route=%2Fwp%2Fv2%2Fmedia&parent=95805"}],"wp:term":[{"taxonomy":"category","embeddable":true,"href":"https:\/\/elinformante.mx\/index.php?rest_route=%2Fwp%2Fv2%2Fcategories&post=95805"},{"taxonomy":"post_tag","embeddable":true,"href":"https:\/\/elinformante.mx\/index.php?rest_route=%2Fwp%2Fv2%2Ftags&post=95805"}],"curies":[{"name":"wp","href":"https:\/\/api.w.org\/{rel}","templated":true}]}}