{"id":95814,"date":"2025-11-11T05:46:33","date_gmt":"2025-11-11T11:46:33","guid":{"rendered":"https:\/\/elinformante.mx\/?p=95814"},"modified":"2025-11-11T05:46:36","modified_gmt":"2025-11-11T11:46:36","slug":"el-tri-sub-17-pierde-ante-suiza","status":"publish","type":"post","link":"https:\/\/elinformante.mx\/?p=95814","title":{"rendered":"El Tri Sub-17 pierde ante Suiza"},"content":{"rendered":"\n<figure class=\"wp-block-pullquote\"><blockquote><p>-Se complica su clasificaci\u00f3n a los dieciseisavos del Mundial<\/p><\/blockquote><\/figure>\n\n\n\n<p class=\"has-drop-cap\">Con el buen remate de cabeza de Aldo de Nigris al minuto 57 que descontaba el marcador, las esperanzas de la Selecci\u00f3n Mexicana Sub-17 de empatar el partido y tener m\u00e1s posibilidades de avanzar a dieciseisavos parec\u00edan realidad, pero solo por un minuto.<br><\/p>\n\n\n\n<p>Apenas 60 segundos despu\u00e9s, Mladen Mijajilovic, quien abri\u00f3 el marcador al 17\u2019, culmin\u00f3 su tarea como verdugo del \u2018Mini Tri\u2019 y puso el 3-1 definitivo en la pizarra.<br><\/p>\n\n\n\n<p>Cuando el combinado nacional apenas trataba de recuperarse del primer golpe, lleg\u00f3 el segundo. Un autogol tras un desafortunado desv\u00edo de F\u00e9lix Contreras que peg\u00f3 en el guardameta, Santiago L\u00f3pez, y termin\u00f3 con el bal\u00f3n dentro de su propia porter\u00eda.<br><\/p>\n\n\n\n<figure class=\"wp-block-image size-large\"><img fetchpriority=\"high\" decoding=\"async\" width=\"1024\" height=\"506\" src=\"https:\/\/elinformante.mx\/wp-content\/uploads\/2025\/11\/14el-tri-2-1024x506.jpg\" alt=\"\" class=\"wp-image-95818\" srcset=\"https:\/\/elinformante.mx\/wp-content\/uploads\/2025\/11\/14el-tri-2-1024x506.jpg 1024w, https:\/\/elinformante.mx\/wp-content\/uploads\/2025\/11\/14el-tri-2-300x148.jpg 300w, https:\/\/elinformante.mx\/wp-content\/uploads\/2025\/11\/14el-tri-2-768x379.jpg 768w, https:\/\/elinformante.mx\/wp-content\/uploads\/2025\/11\/14el-tri-2.jpg 1140w\" sizes=\"(max-width: 1024px) 100vw, 1024px\" \/><\/figure>\n\n\n\n<p>El funcionamiento t\u00e1ctico de los dirigidos por Carlos Cari\u00f1o tampoco fue el mejor. Incluso, despu\u00e9s de la victoria (1-0) en la segunda jornada de la Fase de Grupos ante Costa de Marfil, el equipo nacional dejaba m\u00e1s dudas que certezas.<br><\/p>\n\n\n\n<p>Al final, esta falta de identidad en el campo termin\u00f3 por cobrar factura ante unos suizos que, adem\u00e1s de llegar como l\u00edderes del grupo a este partido, jam\u00e1s dejaron de pisar el acelerador a pesar de irse 2-0 al descanso.<br><\/p>\n\n\n\n<p>Una primera mitad que pudo ser incluso m\u00e1s ca\u00f3tica, pues a los 10 minutos, un penalti cometido por el guardameta iniciaba la pesadilla de 45 minutos para el Tricolor. Sin embargo; Nico Lazri estrell\u00f3 el lanzamiento en el poste.<br><\/p>\n\n\n\n<p>La Fase de Grupos de esta Copa Mundial termina hoy, por lo que la Selecci\u00f3n Nacional tendr\u00e1 que esperar una serie de resultados milagrosos para saber si podr\u00e1 colarse a la fase de eliminaci\u00f3n como uno de los mejores terceros lugares tras haber conseguido tres puntos.<\/p>\n","protected":false},"excerpt":{"rendered":"<p>-Se complica su clasificaci\u00f3n a los dieciseisavos del Mundial Con el buen remate de cabeza de Aldo de Nigris al minuto 57 que descontaba el marcador, las esperanzas de la Selecci\u00f3n Mexicana Sub-17 de empatar el partido y tener m\u00e1s posibilidades de avanzar a dieciseisavos parec\u00edan realidad, pero solo por un minuto. Apenas 60 segundos [&hellip;]<\/p>\n","protected":false},"author":1,"featured_media":95817,"comment_status":"closed","ping_status":"closed","sticky":false,"template":"","format":"standard","meta":{"footnotes":""},"categories":[38,30],"tags":[],"class_list":["post-95814","post","type-post","status-publish","format-standard","has-post-thumbnail","hentry","category-deportes","category-destacado"],"_links":{"self":[{"href":"https:\/\/elinformante.mx\/index.php?rest_route=\/wp\/v2\/posts\/95814","targetHints":{"allow":["GET"]}}],"collection":[{"href":"https:\/\/elinformante.mx\/index.php?rest_route=\/wp\/v2\/posts"}],"about":[{"href":"https:\/\/elinformante.mx\/index.php?rest_route=\/wp\/v2\/types\/post"}],"author":[{"embeddable":true,"href":"https:\/\/elinformante.mx\/index.php?rest_route=\/wp\/v2\/users\/1"}],"replies":[{"embeddable":true,"href":"https:\/\/elinformante.mx\/index.php?rest_route=%2Fwp%2Fv2%2Fcomments&post=95814"}],"version-history":[{"count":0,"href":"https:\/\/elinformante.mx\/index.php?rest_route=\/wp\/v2\/posts\/95814\/revisions"}],"wp:featuredmedia":[{"embeddable":true,"href":"https:\/\/elinformante.mx\/index.php?rest_route=\/wp\/v2\/media\/95817"}],"wp:attachment":[{"href":"https:\/\/elinformante.mx\/index.php?rest_route=%2Fwp%2Fv2%2Fmedia&parent=95814"}],"wp:term":[{"taxonomy":"category","embeddable":true,"href":"https:\/\/elinformante.mx\/index.php?rest_route=%2Fwp%2Fv2%2Fcategories&post=95814"},{"taxonomy":"post_tag","embeddable":true,"href":"https:\/\/elinformante.mx\/index.php?rest_route=%2Fwp%2Fv2%2Ftags&post=95814"}],"curies":[{"name":"wp","href":"https:\/\/api.w.org\/{rel}","templated":true}]}}