{"id":95821,"date":"2025-11-11T06:02:07","date_gmt":"2025-11-11T12:02:07","guid":{"rendered":"https:\/\/elinformante.mx\/?p=95821"},"modified":"2025-11-11T06:02:12","modified_gmt":"2025-11-11T12:02:12","slug":"nuestro-compromiso-es-el-bienestar-de-las-familias-de-mexicaltzingo-saray-benitez","status":"publish","type":"post","link":"https:\/\/elinformante.mx\/?p=95821","title":{"rendered":"Nuestro compromiso es el bienestar de las familias de Mexicaltzingo: Saray Ben\u00edtez"},"content":{"rendered":"\n<figure class=\"wp-block-pullquote\"><blockquote><p>Se\u00f1al\u00f3 que durante la ceremonia, las ni\u00f1as y los ni\u00f1os se mostraron respetuosos, adem\u00e1s de mostrar su amor a los l\u00e1barios patrios.<\/p><\/blockquote><\/figure>\n\n\n\n<p class=\"has-drop-cap\">La presidenta municipal de Mexicaltzingo, Saray Ben\u00edtez Espinosa, inici\u00f3 la semana con entusiasmo rindiendo honores a la bandera en la Primaria Rafael Ram\u00edrez Casta\u00f1eda.<br><\/p>\n\n\n\n<p>Ben\u00edtez Espinosa se\u00f1al\u00f3 que durante la ceremonia, las ni\u00f1as y los ni\u00f1os se mostraron respetuosos, adem\u00e1s de mostrar su amor a los l\u00e1barios patrios.<br><\/p>\n\n\n\n<figure class=\"wp-block-image size-large\"><img fetchpriority=\"high\" decoding=\"async\" width=\"1024\" height=\"506\" src=\"https:\/\/elinformante.mx\/wp-content\/uploads\/2025\/11\/12mexi-2-1-1024x506.jpg\" alt=\"\" class=\"wp-image-95826\" srcset=\"https:\/\/elinformante.mx\/wp-content\/uploads\/2025\/11\/12mexi-2-1-1024x506.jpg 1024w, https:\/\/elinformante.mx\/wp-content\/uploads\/2025\/11\/12mexi-2-1-300x148.jpg 300w, https:\/\/elinformante.mx\/wp-content\/uploads\/2025\/11\/12mexi-2-1-768x379.jpg 768w, https:\/\/elinformante.mx\/wp-content\/uploads\/2025\/11\/12mexi-2-1.jpg 1140w\" sizes=\"(max-width: 1024px) 100vw, 1024px\" \/><\/figure>\n\n\n\n<p>Ben\u00edtez Espinosa encabez\u00f3 la entrega de canastas alimentarias y cobijas, con la que reafirma su compromiso de respaldar a las familias mexicaltzinguenses.<br><\/p>\n\n\n\n<p>Agradeci\u00f3 a la gobernadora Delfina G\u00f3mez \u00c1lvarez, por coordinar esfuerzos con el DIFEM, adem\u00e1s de fortalecer de manera conjunta las acciones y la solidaridad, para ayudar a las familias de Mexicaltzingo que m\u00e1s lo necesitan.<\/p>\n\n\n\n<figure class=\"wp-block-image size-large\"><img decoding=\"async\" width=\"1024\" height=\"506\" src=\"https:\/\/elinformante.mx\/wp-content\/uploads\/2025\/11\/12mexi-3-1024x506.jpg\" alt=\"\" class=\"wp-image-95827\" srcset=\"https:\/\/elinformante.mx\/wp-content\/uploads\/2025\/11\/12mexi-3-1024x506.jpg 1024w, https:\/\/elinformante.mx\/wp-content\/uploads\/2025\/11\/12mexi-3-300x148.jpg 300w, https:\/\/elinformante.mx\/wp-content\/uploads\/2025\/11\/12mexi-3-768x379.jpg 768w, https:\/\/elinformante.mx\/wp-content\/uploads\/2025\/11\/12mexi-3.jpg 1140w\" sizes=\"(max-width: 1024px) 100vw, 1024px\" \/><\/figure>\n","protected":false},"excerpt":{"rendered":"<p>Se\u00f1al\u00f3 que durante la ceremonia, las ni\u00f1as y los ni\u00f1os se mostraron respetuosos, adem\u00e1s de mostrar su amor a los l\u00e1barios patrios. La presidenta municipal de Mexicaltzingo, Saray Ben\u00edtez Espinosa, inici\u00f3 la semana con entusiasmo rindiendo honores a la bandera en la Primaria Rafael Ram\u00edrez Casta\u00f1eda. Ben\u00edtez Espinosa se\u00f1al\u00f3 que durante la ceremonia, las ni\u00f1as [&hellip;]<\/p>\n","protected":false},"author":1,"featured_media":95825,"comment_status":"closed","ping_status":"closed","sticky":false,"template":"","format":"standard","meta":{"footnotes":""},"categories":[36],"tags":[],"class_list":["post-95821","post","type-post","status-publish","format-standard","has-post-thumbnail","hentry","category-edomex"],"_links":{"self":[{"href":"https:\/\/elinformante.mx\/index.php?rest_route=\/wp\/v2\/posts\/95821","targetHints":{"allow":["GET"]}}],"collection":[{"href":"https:\/\/elinformante.mx\/index.php?rest_route=\/wp\/v2\/posts"}],"about":[{"href":"https:\/\/elinformante.mx\/index.php?rest_route=\/wp\/v2\/types\/post"}],"author":[{"embeddable":true,"href":"https:\/\/elinformante.mx\/index.php?rest_route=\/wp\/v2\/users\/1"}],"replies":[{"embeddable":true,"href":"https:\/\/elinformante.mx\/index.php?rest_route=%2Fwp%2Fv2%2Fcomments&post=95821"}],"version-history":[{"count":0,"href":"https:\/\/elinformante.mx\/index.php?rest_route=\/wp\/v2\/posts\/95821\/revisions"}],"wp:featuredmedia":[{"embeddable":true,"href":"https:\/\/elinformante.mx\/index.php?rest_route=\/wp\/v2\/media\/95825"}],"wp:attachment":[{"href":"https:\/\/elinformante.mx\/index.php?rest_route=%2Fwp%2Fv2%2Fmedia&parent=95821"}],"wp:term":[{"taxonomy":"category","embeddable":true,"href":"https:\/\/elinformante.mx\/index.php?rest_route=%2Fwp%2Fv2%2Fcategories&post=95821"},{"taxonomy":"post_tag","embeddable":true,"href":"https:\/\/elinformante.mx\/index.php?rest_route=%2Fwp%2Fv2%2Ftags&post=95821"}],"curies":[{"name":"wp","href":"https:\/\/api.w.org\/{rel}","templated":true}]}}