{"id":95828,"date":"2025-11-11T06:08:39","date_gmt":"2025-11-11T12:08:39","guid":{"rendered":"https:\/\/elinformante.mx\/?p=95828"},"modified":"2025-11-11T06:08:42","modified_gmt":"2025-11-11T12:08:42","slug":"entregan-en-san-mateo-atenco-dispositivos-alerta-ahora-a-taxistas-ana-muniz","status":"publish","type":"post","link":"https:\/\/elinformante.mx\/?p=95828","title":{"rendered":"Entregan en San Mateo Atenco dispositivos \u201cAlerta AHORA\u201d a taxistas: Ana Mu\u00f1iz"},"content":{"rendered":"\n<figure class=\"wp-block-pullquote\"><blockquote><p>Fueron 200 dispositivos los entregados a operadoras y operadores taxistas atenquenses para brindarles tranquilidad a ellos y a sus pasajeros.<\/p><\/blockquote><\/figure>\n\n\n\n<p class=\"has-drop-cap\">El gobierno municipal de San Mateo Atenco encabezado por la Ana Mu\u00f1iz Neyra, como parte del programa \u201cTaxi Seguro\u201d, hizo entrega de los dispositivos \u201cAlerta AHORA\u201d, que buscan fortalecer y reafirmar su compromiso de proteger a las y los taxistas, a sus familias, a sus usuarios y a todo el municipio.<br><\/p>\n\n\n\n<p>Fueron 200 dispositivos los entregados a operadoras y operadores taxistas atenquenses para brindarles tranquilidad a ellos y a sus pasajeros.<br><\/p>\n\n\n\n<figure class=\"wp-block-image size-large\"><img fetchpriority=\"high\" decoding=\"async\" width=\"1024\" height=\"506\" src=\"https:\/\/elinformante.mx\/wp-content\/uploads\/2025\/11\/11mateo-2-1024x506.jpg\" alt=\"\" class=\"wp-image-95833\" srcset=\"https:\/\/elinformante.mx\/wp-content\/uploads\/2025\/11\/11mateo-2-1024x506.jpg 1024w, https:\/\/elinformante.mx\/wp-content\/uploads\/2025\/11\/11mateo-2-300x148.jpg 300w, https:\/\/elinformante.mx\/wp-content\/uploads\/2025\/11\/11mateo-2-768x379.jpg 768w, https:\/\/elinformante.mx\/wp-content\/uploads\/2025\/11\/11mateo-2.jpg 1140w\" sizes=\"(max-width: 1024px) 100vw, 1024px\" \/><\/figure>\n\n\n\n<p>Mu\u00f1iz Neyra mencion\u00f3 que este dispositivo, estar\u00e1 conectado 24\/7 al Centro de Mando Municipal, se\u00f1al\u00f3 que este es discreto y que en caso de emergencia, permitir\u00e1 la ubicaci\u00f3n de la unidad en tiempo real para que elementos de la Direcci\u00f3n de Seguridad Humana, Orden Vial y Protecci\u00f3n Civil puedan acudir de manera inmediata.<br><\/p>\n\n\n\n<p>Reafirm\u00f3 Mu\u00f1iz Neyra que con estas acciones, el gobierno de San Mateo Atenco contin\u00faa fortaleciendo la seguridad de habitantes y visitantes: \u201ccontinuamos construyendo un San Mateo Atenco tranquilo y en paz\u201d.<\/p>\n","protected":false},"excerpt":{"rendered":"<p>Fueron 200 dispositivos los entregados a operadoras y operadores taxistas atenquenses para brindarles tranquilidad a ellos y a sus pasajeros. El gobierno municipal de San Mateo Atenco encabezado por la Ana Mu\u00f1iz Neyra, como parte del programa \u201cTaxi Seguro\u201d, hizo entrega de los dispositivos \u201cAlerta AHORA\u201d, que buscan fortalecer y reafirmar su compromiso de proteger [&hellip;]<\/p>\n","protected":false},"author":1,"featured_media":95832,"comment_status":"closed","ping_status":"closed","sticky":false,"template":"","format":"standard","meta":{"footnotes":""},"categories":[36],"tags":[],"class_list":["post-95828","post","type-post","status-publish","format-standard","has-post-thumbnail","hentry","category-edomex"],"_links":{"self":[{"href":"https:\/\/elinformante.mx\/index.php?rest_route=\/wp\/v2\/posts\/95828","targetHints":{"allow":["GET"]}}],"collection":[{"href":"https:\/\/elinformante.mx\/index.php?rest_route=\/wp\/v2\/posts"}],"about":[{"href":"https:\/\/elinformante.mx\/index.php?rest_route=\/wp\/v2\/types\/post"}],"author":[{"embeddable":true,"href":"https:\/\/elinformante.mx\/index.php?rest_route=\/wp\/v2\/users\/1"}],"replies":[{"embeddable":true,"href":"https:\/\/elinformante.mx\/index.php?rest_route=%2Fwp%2Fv2%2Fcomments&post=95828"}],"version-history":[{"count":0,"href":"https:\/\/elinformante.mx\/index.php?rest_route=\/wp\/v2\/posts\/95828\/revisions"}],"wp:featuredmedia":[{"embeddable":true,"href":"https:\/\/elinformante.mx\/index.php?rest_route=\/wp\/v2\/media\/95832"}],"wp:attachment":[{"href":"https:\/\/elinformante.mx\/index.php?rest_route=%2Fwp%2Fv2%2Fmedia&parent=95828"}],"wp:term":[{"taxonomy":"category","embeddable":true,"href":"https:\/\/elinformante.mx\/index.php?rest_route=%2Fwp%2Fv2%2Fcategories&post=95828"},{"taxonomy":"post_tag","embeddable":true,"href":"https:\/\/elinformante.mx\/index.php?rest_route=%2Fwp%2Fv2%2Ftags&post=95828"}],"curies":[{"name":"wp","href":"https:\/\/api.w.org\/{rel}","templated":true}]}}