{"id":95831,"date":"2025-11-11T06:10:15","date_gmt":"2025-11-11T12:10:15","guid":{"rendered":"https:\/\/elinformante.mx\/?p=95831"},"modified":"2025-11-11T06:10:26","modified_gmt":"2025-11-11T12:10:26","slug":"toluca-avanza-en-recuperacion-de-espacios-ricardo-moreno","status":"publish","type":"post","link":"https:\/\/elinformante.mx\/?p=95831","title":{"rendered":"Toluca avanza en recuperaci\u00f3n de espacios: Ricardo Moreno"},"content":{"rendered":"\n<figure class=\"wp-block-pullquote\"><blockquote><p>Se ocupan predios abandonados por a\u00f1os para beneficio de la poblaci\u00f3n<\/p><\/blockquote><\/figure>\n\n\n\n<p class=\"has-drop-cap\">Con espacios p\u00fablicos m\u00e1s limpios, seguros y ordenados, el Gobierno municipal de Toluca reitera su compromiso de garantizar el Derecho a la Ciudad para la poblaci\u00f3n; adem\u00e1s de utilizar locales y predios de la administraci\u00f3n, que estaban abandonados, para que diversas dependencias ofrezcan sus servicios a la ciudadan\u00eda.<br><\/p>\n\n\n\n<p>Fue durante la Trig\u00e9sima Segunda Sesi\u00f3n Ordinaria de Cabildo, donde Ricardo Moreno Bastida explic\u00f3 que esta administraci\u00f3n ha logrado recuperar y ocupar los espacios p\u00fablicos, aun en eventos nocturnos, teniendo como prueba la exitosa edici\u00f3n de la Feria y Festival Cultural Alfe\u00f1ique 2025, que gracias a la estrategia de rehabilitaci\u00f3n, devolvi\u00f3 a la zona del Mercado Ju\u00e1rez su esencia como principal punto de encuentro para las festividades masivas.<br><\/p>\n\n\n\n<figure class=\"wp-block-image size-large\"><img fetchpriority=\"high\" decoding=\"async\" width=\"1024\" height=\"506\" src=\"https:\/\/elinformante.mx\/wp-content\/uploads\/2025\/11\/11toluca-2-2-1024x506.jpg\" alt=\"\" class=\"wp-image-95836\" srcset=\"https:\/\/elinformante.mx\/wp-content\/uploads\/2025\/11\/11toluca-2-2-1024x506.jpg 1024w, https:\/\/elinformante.mx\/wp-content\/uploads\/2025\/11\/11toluca-2-2-300x148.jpg 300w, https:\/\/elinformante.mx\/wp-content\/uploads\/2025\/11\/11toluca-2-2-768x379.jpg 768w, https:\/\/elinformante.mx\/wp-content\/uploads\/2025\/11\/11toluca-2-2.jpg 1140w\" sizes=\"(max-width: 1024px) 100vw, 1024px\" \/><\/figure>\n\n\n\n<p>Reiter\u00f3 que la estatua de Cuauht\u00e9moc continuar\u00e1 en la Alameda y, como parte de este derecho, tambi\u00e9n se est\u00e1n llevando a cabo trabajos de rehabilitaci\u00f3n a fin de devolverle su brillo, esplendor y color, como los realizados en el Jard\u00edn Zaragoza, el cual ya es disfrutado por las familias, cumpliendo con ello el objetivo de retomar los parques como lugares de encuentro.<br><\/p>\n\n\n\n<p>Moreno Bastida reafirm\u00f3 que, como parte del derecho a la ciudad, se han recuperado locales y predios del Ayuntamiento que se encontraban abandonados y olvidados para ponerlos al servicio de la ciudadan\u00eda, a fin de que se ocupe el patrimonio para su beneficio.<br><\/p>\n\n\n\n<p>Asegur\u00f3, han sido los convenios con diversas dependencias federales, estatales e instancias como la Cruz Roja Mexicana que pr\u00f3ximamente ocupar\u00e1 cuatro locales comerciales, desaprovechados por a\u00f1os, para establecer una sub sede en Los Sauces y, en un par de semanas, la zona de Sant\u00edn tendr\u00e1 un Centro de Control y Bienestar Animal zona norte.<\/p>\n","protected":false},"excerpt":{"rendered":"<p>Se ocupan predios abandonados por a\u00f1os para beneficio de la poblaci\u00f3n Con espacios p\u00fablicos m\u00e1s limpios, seguros y ordenados, el Gobierno municipal de Toluca reitera su compromiso de garantizar el Derecho a la Ciudad para la poblaci\u00f3n; adem\u00e1s de utilizar locales y predios de la administraci\u00f3n, que estaban abandonados, para que diversas dependencias ofrezcan sus [&hellip;]<\/p>\n","protected":false},"author":1,"featured_media":95835,"comment_status":"closed","ping_status":"closed","sticky":false,"template":"","format":"standard","meta":{"footnotes":""},"categories":[30,36],"tags":[],"class_list":["post-95831","post","type-post","status-publish","format-standard","has-post-thumbnail","hentry","category-destacado","category-edomex"],"_links":{"self":[{"href":"https:\/\/elinformante.mx\/index.php?rest_route=\/wp\/v2\/posts\/95831","targetHints":{"allow":["GET"]}}],"collection":[{"href":"https:\/\/elinformante.mx\/index.php?rest_route=\/wp\/v2\/posts"}],"about":[{"href":"https:\/\/elinformante.mx\/index.php?rest_route=\/wp\/v2\/types\/post"}],"author":[{"embeddable":true,"href":"https:\/\/elinformante.mx\/index.php?rest_route=\/wp\/v2\/users\/1"}],"replies":[{"embeddable":true,"href":"https:\/\/elinformante.mx\/index.php?rest_route=%2Fwp%2Fv2%2Fcomments&post=95831"}],"version-history":[{"count":0,"href":"https:\/\/elinformante.mx\/index.php?rest_route=\/wp\/v2\/posts\/95831\/revisions"}],"wp:featuredmedia":[{"embeddable":true,"href":"https:\/\/elinformante.mx\/index.php?rest_route=\/wp\/v2\/media\/95835"}],"wp:attachment":[{"href":"https:\/\/elinformante.mx\/index.php?rest_route=%2Fwp%2Fv2%2Fmedia&parent=95831"}],"wp:term":[{"taxonomy":"category","embeddable":true,"href":"https:\/\/elinformante.mx\/index.php?rest_route=%2Fwp%2Fv2%2Fcategories&post=95831"},{"taxonomy":"post_tag","embeddable":true,"href":"https:\/\/elinformante.mx\/index.php?rest_route=%2Fwp%2Fv2%2Ftags&post=95831"}],"curies":[{"name":"wp","href":"https:\/\/api.w.org\/{rel}","templated":true}]}}