{"id":95837,"date":"2025-11-11T06:15:02","date_gmt":"2025-11-11T12:15:02","guid":{"rendered":"https:\/\/elinformante.mx\/?p=95837"},"modified":"2025-11-11T06:15:08","modified_gmt":"2025-11-11T12:15:08","slug":"firman-uaemex-y-secretaria-de-medio-ambiente-convenio-para-fortalecer-proyectos-ambientales","status":"publish","type":"post","link":"https:\/\/elinformante.mx\/?p=95837","title":{"rendered":"Firman UAEM\u00e9x y Secretar\u00eda de Medio Ambiente convenio para fortalecer proyectos ambientales"},"content":{"rendered":"\n<figure class=\"wp-block-pullquote\"><blockquote><p>-La rectora resalt\u00f3 que esta colaboraci\u00f3n representa la materializaci\u00f3n de una visi\u00f3n compartida, y reconoce los actuales problemas medioambientales.<\/p><\/blockquote><\/figure>\n\n\n\n<p class=\"has-drop-cap\">La rectora de la Universidad Aut\u00f3noma del Estado de M\u00e9xico (UAEM\u00e9x), Martha Patricia Zarza Delgado, y la titular de la Secretar\u00eda del Medio Ambiente y Desarrollo Sostenible de la entidad, Alhely Rubio Arronis, firmaron un convenio general de participaci\u00f3n, que atestigu\u00f3 la presidenta municipal de Amecameca, Ivette Topete Garc\u00eda.<br><\/p>\n\n\n\n<p>En el Centro Universitario Amecameca de la Aut\u00f3noma mexiquense, la rectora sostuvo que la Administraci\u00f3n 2025-2029 de la UAEM\u00e9x construye las bases para consolidar una instituci\u00f3n progresista, humanista e innovadora que contribuya al avance del Estado de M\u00e9xico, donde las y los universitarios sean protagonistas de una Transformaci\u00f3n Universitaria que ofrezca un desarrollo sostenible y fortalezca su responsabilidad medioambiental en beneficio y servicio de la sociedad.<br><\/p>\n\n\n\n<p>Lo anterior con base en el fortalecimiento del v\u00ednculo entre la sociedad y la academia que permita generar mejores condiciones medioambientales en la entidad mexiquense.<br><\/p>\n\n\n\n<p>La rectora resalt\u00f3 que este documento representa la materializaci\u00f3n de una visi\u00f3n compartida, donde la Aut\u00f3noma mexiquense reconoce los actuales problemas medioambientales y exige soluciones reales e interdisciplinarias, con fundamentos cient\u00edficos y responsabilidad social.<br><\/p>\n\n\n\n<p>Destac\u00f3 que estos desaf\u00edos necesitan pol\u00edticas p\u00fablicas, acciones comunitarias y universidades comprometidas con la transformaci\u00f3n de los esquemas tradicionales de actuaci\u00f3n.<br><\/p>\n\n\n\n<p>Puntualiz\u00f3 que este instrumento permitir\u00e1 que el estudiantado de las \u00e1reas de ciencias ambientales, veterinaria, biolog\u00eda, f\u00edsica, qu\u00edmica, ciencias sociales y tecnol\u00f3gicas participen directamente con la Secretar\u00eda del Medio Ambiente y Desarrollo Sostenible para desarrollar investigaci\u00f3n con impacto e incidencia social.<br><\/p>\n\n\n\n<p>Al acto acudieron los secretarios de Vinculaci\u00f3n, Extensi\u00f3n y Promoci\u00f3n de la Empleabilidad, Mariana Ortiz Reynoso, y de Centros Universitarios y Unidades Acad\u00e9micas Profesionales, Jos\u00e9 Guadalupe Miranda Hern\u00e1ndez, Rubio Arronis destac\u00f3 que esta firma de convenio permitir\u00e1 ampliar los horizontes institucionales para generar pol\u00edticas p\u00fablicas m\u00e1s conscientes, en beneficio de la sociedad.<br><\/p>\n\n\n\n<p>Asever\u00f3 que el v\u00ednculo entre el gobierno estatal y la academia obedece a las acciones medioambientales encabezadas por la maestra Delfina G\u00f3mez \u00c1lvarez, para la construcci\u00f3n de una entidad m\u00e1s plural, donde todas y todos los mexiquenses tengan voz y participaci\u00f3n en estas actividades.<br><\/p>\n\n\n\n<p>Por ello, subray\u00f3 Alhely Rubio Arronis, este convenio generar\u00e1 una agenda nutrida, permanente y robusta que permita cuidar y proteger el medio ambiente, sentando las bases de un mejor futuro para el Estado de M\u00e9xico.<br><\/p>\n\n\n\n<p>Mariana Ortiz Reynoso enfatiz\u00f3 que esta participaci\u00f3n conjunta refleja la voluntad colectiva de construir alianzas que impulsen el bienestar social, el desarrollo acad\u00e9mico y la sustentabilidad ambiental, fortaleciendo la formaci\u00f3n de estudiantes m\u00e1s conscientes de su papel como agentes de cambio en la defensa del entorno natural y con gran incidencia social.<br><\/p>\n\n\n\n<p>En el marco de la firma de este instrumento de colaboraci\u00f3n, Rafael Eugenio Parrilla Arroyo, profesional destacado en el \u00e1mbito del desarrollo rural y la gesti\u00f3n ambiental en el Estado de M\u00e9xico, dict\u00f3 la conferencia \u201cPulmones verdes del Iztacc\u00edhuatl: retos y desaf\u00edos\u201d. Asimismo, las autoridades estatales, universitarias y municipales realizaron un recorrido por el Reciclat\u00f3n 2025.<\/p>\n","protected":false},"excerpt":{"rendered":"<p>-La rectora resalt\u00f3 que esta colaboraci\u00f3n representa la materializaci\u00f3n de una visi\u00f3n compartida, y reconoce los actuales problemas medioambientales. La rectora de la Universidad Aut\u00f3noma del Estado de M\u00e9xico (UAEM\u00e9x), Martha Patricia Zarza Delgado, y la titular de la Secretar\u00eda del Medio Ambiente y Desarrollo Sostenible de la entidad, Alhely Rubio Arronis, firmaron un convenio [&hellip;]<\/p>\n","protected":false},"author":1,"featured_media":95840,"comment_status":"closed","ping_status":"closed","sticky":false,"template":"","format":"standard","meta":{"footnotes":""},"categories":[30,36],"tags":[],"class_list":["post-95837","post","type-post","status-publish","format-standard","has-post-thumbnail","hentry","category-destacado","category-edomex"],"_links":{"self":[{"href":"https:\/\/elinformante.mx\/index.php?rest_route=\/wp\/v2\/posts\/95837","targetHints":{"allow":["GET"]}}],"collection":[{"href":"https:\/\/elinformante.mx\/index.php?rest_route=\/wp\/v2\/posts"}],"about":[{"href":"https:\/\/elinformante.mx\/index.php?rest_route=\/wp\/v2\/types\/post"}],"author":[{"embeddable":true,"href":"https:\/\/elinformante.mx\/index.php?rest_route=\/wp\/v2\/users\/1"}],"replies":[{"embeddable":true,"href":"https:\/\/elinformante.mx\/index.php?rest_route=%2Fwp%2Fv2%2Fcomments&post=95837"}],"version-history":[{"count":0,"href":"https:\/\/elinformante.mx\/index.php?rest_route=\/wp\/v2\/posts\/95837\/revisions"}],"wp:featuredmedia":[{"embeddable":true,"href":"https:\/\/elinformante.mx\/index.php?rest_route=\/wp\/v2\/media\/95840"}],"wp:attachment":[{"href":"https:\/\/elinformante.mx\/index.php?rest_route=%2Fwp%2Fv2%2Fmedia&parent=95837"}],"wp:term":[{"taxonomy":"category","embeddable":true,"href":"https:\/\/elinformante.mx\/index.php?rest_route=%2Fwp%2Fv2%2Fcategories&post=95837"},{"taxonomy":"post_tag","embeddable":true,"href":"https:\/\/elinformante.mx\/index.php?rest_route=%2Fwp%2Fv2%2Ftags&post=95837"}],"curies":[{"name":"wp","href":"https:\/\/api.w.org\/{rel}","templated":true}]}}